{"id":29079,"date":"2017-01-06T15:58:13","date_gmt":"2017-01-06T20:58:13","guid":{"rendered":"http:\/\/contraluzcucuta.co\/?p=29079"},"modified":"2017-01-06T15:58:13","modified_gmt":"2017-01-06T20:58:13","slug":"entrevista-la-gente-le-fabrica-uno-necesidades-martin-gomez","status":"publish","type":"post","link":"https:\/\/contraluzcucuta.co\/?p=29079","title":{"rendered":"ENTREVISTA. La gente le fabrica a uno necesidades: Mart\u00edn G\u00f3mez"},"content":{"rendered":"<p><strong>C\u00daCUTA.-<\/strong> Mart\u00edn G\u00f3mez no ha perdido las esperanzas de vivir y sigue adelante en ese empe\u00f1o. Desde ni\u00f1o le tom\u00f3 cari\u00f1o a la pintura y luego la convirti\u00f3 en su modo de vida. Hoy, a los 50 a\u00f1os, est\u00e1 orgulloso por haber adquirido en libros el conocimiento que desarrolla en cada obra. Y sonr\u00ede cuando recuerda que la gente lo considera estudiado, titulado y egresado de una facultad de artes pl\u00e1sticas.<\/p>\n<p>Este hombre sencillo, humilde, de hablar r\u00e1pido y vestir simple tiene en mente una serie de esculturas que cambiar\u00e1n la imagen de C\u00facuta. Ser\u00e1n animales gigantes que ocupar\u00e1n espacios p\u00fablicos a los que podr\u00e1n legar ni\u00f1os y adultos a conocer de esas especies en v\u00edas de extinci\u00f3n. &nbsp;<\/p>\n<p><strong>\u00bfC\u00f3mo se hizo artista pl\u00e1stico?<\/strong><\/p>\n<p>Toda la vida me ha gustado pintar. En el desarrollo de mi tiempo, desde la ni\u00f1ez pasaba por una galer\u00eda, ve\u00eda las pinturas y me gustaban. Siempre dibujaba, de manera innata, es un don de Dios. Me gustaba todo, pero quer\u00eda tener ese acercamiento con alguien que me ilustrara, pero me parec\u00eda dif\u00edcil.<\/p>\n<p><strong>\u00bfC\u00f3mo fue su ingreso al mundo de las artes?<\/strong><\/p>\n<p>Nac\u00ed en el seno de una familia numerosa, de bajos recursos, por lo que era dif\u00edcil pensar en tener una carrera como estas. De manera independiente comenc\u00e9 a buscar en libros c\u00f3mo pintar y compr\u00e9 los textos. El desarrollo fue autodidacta.<\/p>\n<p><strong>\u00bfEn la polic\u00eda c\u00f3mo le fue?<\/strong><\/p>\n<p>En la Polic\u00eda dibujaba y me daban materiales para murales y obras de las actividades de la instituci\u00f3n. Pintaba los carros, los logos y otras figuras.<\/p>\n<p><strong>\u00bfAlg\u00fan mal recuerdo?<\/strong><\/p>\n<p>La violencia no la comparto y qued\u00e9 asqueado de esa situaci\u00f3n tan absurda. Ver ni\u00f1os con fusiles m\u00e1s altos que ellos daban ganas de llorar. Verlos morir y diciendo \u2018d\u00edgale a mi mamita que la quiero\u2019 es una situaci\u00f3n terrible. Por eso decid\u00ed retirarme.<\/p>\n<p><strong>\u00bfAl tomar esa decisi\u00f3n qu\u00e9 camino tom\u00f3?<\/strong><\/p>\n<p>Me dije esta no es la forma de vida que quiero, voy a buscar otro camino. Hoy la tecnolog\u00eda nos acerca a un conocimiento que hay que aprovechar. Comenc\u00e9 a aprovecharlo, a estudiar juicioso y desde a\u00f1os atr\u00e1s aprend\u00ed sobre las artes pl\u00e1sticas.<\/p>\n<p><strong>\u00bfHubo un maestro en el comienzo de esa carrera?<\/strong><\/p>\n<p>Hice unos talleres con el maestro Cer\u00f3n, en C\u00facuta. Empec\u00e9 a vender mis cuadros, hac\u00eda pinturas cl\u00e1sicas, bodegones y con eso sosten\u00eda a mi familia y a darles estudio a mis hijos.<\/p>\n<p><strong>\u00bfC\u00f3mo dio el paso a otras t\u00e9cnicas?<\/strong><\/p>\n<p>Quer\u00eda hacer algo m\u00e1s, crear, y busque el vidrio para manejarlo, a hacer obras en crudo, y con piedras, consegu\u00ed las herramientas para tallarlas. Evolucion\u00e9, agarr\u00e9 habilidades, siendo mi profesor. Aprend\u00eda del error.<\/p>\n<p><strong>\u00bfHa habido progreso en su aprendizaje?<\/strong><\/p>\n<p>He ido desarroll\u00e1ndome de manera autodidacta. Para mostrar un proyecto ten\u00eda que sentarme en un computador con un dibujante y decirle, mire haga esto, v\u00e1yase por aqu\u00ed. Todo estaba en mi cabeza, \u00e9l solo manejaba el programa. Me puse a estudiar y ahora domino varios programas.<\/p>\n<p><strong>\u00bfAl mostrar los trabajos c\u00f3mo los aprecian?<\/strong><\/p>\n<p>La gente se equivoca, piensa que soy profesional, con t\u00edtulos, con grados acad\u00e9micos. Esto lo he aprendido como autodidacta. Lo que ocurre es que creo mis dise\u00f1os y los medios me lo facilitan.<\/p>\n<p><strong>\u00bfQu\u00e9 ha pensado hacer con los conocimientos?<\/strong><\/p>\n<p>Creo que hay que trasmit\u00edrselos a los muchachos que piensan que no tienen oportunidades. Hay que aprovechar los computadores, porque lo acercan a uno al conocimiento y para que puedan desarrollarse como seres humanos y sentirse que son \u00fatiles para ellos y para la sociedad. Quisiera que mucha gente lo tomara como ejemplo y aprovechara las oportunidades que brinda la vida.<\/p>\n<p><strong>\u00bfCu\u00e1les son sus obras representativas?<\/strong><\/p>\n<p>Pinturas cl\u00e1sicas he hecho bastantes. En escultura las hay en vidrio. En Casanare hay un Cristo de ocho metros; obras decorativas para el hogar que est\u00e1n en Venezuela, M\u00e9xico y Estados Unidos; un toro de 60 cent\u00edmetros de alto por 90 de largo. En caucho he hecho unas bailarinas, un Cristo, una iguana gigante\u2026<\/p>\n<p><strong>\u00bfEn qu\u00e9 proyectos trabaja?<\/strong><\/p>\n<p>La gente le fabrica a uno necesidades. Ahora, trabajo en unas iguanas de 10 metros de altas, que ser\u00e1n instaladas en C\u00facuta. Los animales los voy a hacer en el color de cada especie para mostrarles a los ni\u00f1os los tonos naturales. La rana venenosa, el oso de anteojos, y otras especies.<\/p>\n<p>Todo esto tiene un prop\u00f3sito.<\/p>\n<p><strong>RAFAEL ANTONIO PAB\u00d3N<\/strong><\/p>\n<p><strong><a href=\"mailto:rafaelpan58@hotmail.com\">rafaelpan58@hotmail.com<\/a><\/strong><\/p>\n<p><strong>Foto: <a href=\"http:\/\/www.contraluzcucuta.co\">www.contraluzcucuta.co<\/a><\/strong><\/p>\n<p>&nbsp; <\/p>\n","protected":false},"excerpt":{"rendered":"<p>C\u00daCUTA.- Mart\u00edn G\u00f3mez no ha perdido las esperanzas de vivir y sigue adelante en ese empe\u00f1o. Desde ni\u00f1o le tom\u00f3 cari\u00f1o a la pintura y luego la convirti\u00f3 en su modo de vida. Hoy, a los 50 a\u00f1os, est\u00e1 orgulloso por haber adquirido en libros el conocimiento que desarrolla en cada obra. Y sonr\u00ede cuando &hellip;<\/p>\n","protected":false},"author":1,"featured_media":29080,"comment_status":"open","ping_status":"open","sticky":false,"template":"","format":"standard","meta":{"footnotes":""},"categories":[17,4],"tags":[2929,3427],"class_list":["post-29079","post","type-post","status-publish","format-standard","has-post-thumbnail","hentry","category-conversaciones-a-contraluz","category-barra","tag-conversaciones-a-contraluz","tag-martin-gomez"],"_links":{"self":[{"href":"https:\/\/contraluzcucuta.co\/index.php?rest_route=\/wp\/v2\/posts\/29079","targetHints":{"allow":["GET"]}}],"collection":[{"href":"https:\/\/contraluzcucuta.co\/index.php?rest_route=\/wp\/v2\/posts"}],"about":[{"href":"https:\/\/contraluzcucuta.co\/index.php?rest_route=\/wp\/v2\/types\/post"}],"author":[{"embeddable":true,"href":"https:\/\/contraluzcucuta.co\/index.php?rest_route=\/wp\/v2\/users\/1"}],"replies":[{"embeddable":true,"href":"https:\/\/contraluzcucuta.co\/index.php?rest_route=%2Fwp%2Fv2%2Fcomments&post=29079"}],"version-history":[{"count":1,"href":"https:\/\/contraluzcucuta.co\/index.php?rest_route=\/wp\/v2\/posts\/29079\/revisions"}],"predecessor-version":[{"id":29081,"href":"https:\/\/contraluzcucuta.co\/index.php?rest_route=\/wp\/v2\/posts\/29079\/revisions\/29081"}],"wp:featuredmedia":[{"embeddable":true,"href":"https:\/\/contraluzcucuta.co\/index.php?rest_route=\/wp\/v2\/media\/29080"}],"wp:attachment":[{"href":"https:\/\/contraluzcucuta.co\/index.php?rest_route=%2Fwp%2Fv2%2Fmedia&parent=29079"}],"wp:term":[{"taxonomy":"category","embeddable":true,"href":"https:\/\/contraluzcucuta.co\/index.php?rest_route=%2Fwp%2Fv2%2Fcategories&post=29079"},{"taxonomy":"post_tag","embeddable":true,"href":"https:\/\/contraluzcucuta.co\/index.php?rest_route=%2Fwp%2Fv2%2Ftags&post=29079"}],"curies":[{"name":"wp","href":"https:\/\/api.w.org\/{rel}","templated":true}]}}