{"id":29060,"date":"2017-01-03T17:26:40","date_gmt":"2017-01-03T22:26:40","guid":{"rendered":"http:\/\/contraluzcucuta.co\/?p=29060"},"modified":"2017-01-07T13:33:59","modified_gmt":"2017-01-07T18:33:59","slug":"entrevista-homenaje-los-heroes-de-la-patria-martin-gomez","status":"publish","type":"post","link":"https:\/\/contraluzcucuta.co\/?p=29060","title":{"rendered":"ENTREVISTA. \u2018Homenaje a los h\u00e9roes de la patria\u2019, Mart\u00edn G\u00f3mez"},"content":{"rendered":"<p><strong>\u00bfCu\u00e1l es el significado del monumento que se levanta en el Parque Playa, de la Avenida del r\u00edo?<\/strong><\/p>\n<ul>\n<li><em>Es hacerles un homenaje a los militares que han ca\u00eddo en este absurdo conflicto, lunar que teneos que cambiar.<\/em><\/li>\n<\/ul>\n<p>Mart\u00edn G\u00f3mez es artista pl\u00e1stico. Desde ni\u00f1o se interes\u00f3 por la pintura, m\u00e1s tarde descubri\u00f3 en la escultura otra pasi\u00f3n y ahora, a los 50 a\u00f1os, es un creador de im\u00e1genes y figuras. No tiene t\u00edtulo profesional otorgado por universidad alguna. El conocimiento adquirido ha sido por cuenta propia y ha invertido buen capital en libros para aprender de esos maestros hist\u00f3ricos y lejanos.<\/p>\n<p>En alg\u00fan momento tuvo como gu\u00eda y tutor a Cer\u00f3n, con quien perfeccion\u00f3 t\u00e9cnicas y despej\u00f3 dudas. No cuenta con un taller para la elaboraci\u00f3n de los trabajos y las obras grandes las arma en el terreno donde ser\u00e1n instaladas. As\u00ed pas\u00f3 dos meses en el Parque Playa y le quedan pocos d\u00edas para entregar esta escultura.<\/p>\n<p><strong>\u00bfQu\u00e9 nombre tiene la escultura?<\/strong><\/p>\n<ul>\n<li><em>Homenaje a los h\u00e9roes de la patria, a los militares ca\u00eddos en el conflicto.<\/em><\/li>\n<\/ul>\n<p><strong>\u00bfPor qu\u00e9 escogi\u00f3 este lugar?<\/strong><\/p>\n<ul>\n<li><em>No lo escog\u00ed, lo gestion\u00f3 la fundaci\u00f3n Innovaci\u00f3n Ciudadana, integrada por profesionales con ideas positivas. Ellos ten\u00edan pensado lo del sitio; la plantaci\u00f3n de \u00e1rboles, en representaci\u00f3n de las v\u00edctimas del conflicto, y el muro de los lamentos, en homenaje a los muertos.<\/em><\/li>\n<\/ul>\n<p>Lo buscaron, le presentaron la idea y le propusieron el trabajo. La intenci\u00f3n era aprovechar el caucho, material que Mart\u00edn maneja a la perfecci\u00f3n. La obra se levanta sin respaldo oficial, es particular. Varias empresas privadas participan en el proyecto, con respaldo de gente interesada en ofrecerles a los cucute\u00f1os un espacio para recordar a quienes han perdido la vida por las balas de los actores del conflicto.<\/p>\n<p>La escultura, compuesta de cuatro obeliscos que representan al Ej\u00e9rcito, la Armada, la Fuerza A\u00e9rea y la Polic\u00eda, est\u00e1 elaborada solo con llantas. No tiene estructura met\u00e1lica, solo una columna en el monumento central y sobre el que reposan cinco cascos y varios pares de botas militares.<\/p>\n<p>El acero y la goma de las llantas son materiales id\u00f3neos para permanecer a cielo abierto por d\u00e9cadas. En la obra se utilizaron 1700 llantas de carros (1116) y de motocicletas (584), conseguidas en montallantas y servitecas. El artista las cort\u00f3 y las molde\u00f3 para alcanzar la figura deseada.<\/p>\n<p><strong>\u00bfEn qu\u00e9 se inspir\u00f3 para la escultura?<\/strong><\/p>\n<ul>\n<li><em>La inspiraci\u00f3n es lo que est\u00e1 en el coraz\u00f3n de todo mundo, al mirar lo que sucede en el pa\u00eds por la violencia. La inspiraci\u00f3n es saber que las fuerzas armadas est\u00e1n juntas y erguidas, a pesar de las dificultades, para salvaguardar la vida y honra de los colombianos.<\/em><\/li>\n<\/ul>\n<p><strong>\u00bfQu\u00e9 altura tiene la escultura?<\/strong><\/p>\n<ul>\n<li><em>En la parte m\u00e1s alta, tiene casi siete metros. Representa que el Ej\u00e9rcito est\u00e1 ah\u00ed, no est\u00e1 derrotado. Representa a alguien de pie, que ha tenido sus bajas, pero sigue firme<\/em>.<\/li>\n<\/ul>\n<p>La utilizaci\u00f3n de las llantas para la obra tiene un significado ambiental. Otros, las adquieren para usos indebidos, entre los que destacan convertirlas en combustible para avivar hornos y para sacarles el acero y venderlo por toneladas. &nbsp;<\/p>\n<p>Mart\u00edn G\u00f3mez hizo para Corponor una iguana de 10 metros, en la que gast\u00f3 50 llantas, y ha elaborado otras menores. La idea es que las esculturas, en mayor escala, hagan parte del parque tem\u00e1tico que tiene pensado la Alcald\u00eda de C\u00facuta.<\/p>\n<p>El \u2018Homenaje a los h\u00e9roes de la patria\u2019 ser\u00e1 entregado en estos primeros d\u00edas del 2017. Seguro, al acto asistir\u00e1n voceros de los gobiernos departamental y municipal, as\u00ed no hayan colaborado para hacer realidad la obra.<\/p>\n<p><strong>\u00bfQui\u00e9n es Mart\u00edn G\u00f3mez?<\/strong><\/p>\n<ul>\n<li><em>Soy una persona sencilla, con ideas que traten de cambiar la cultura. Estoy en los problemas sociales, me gusta buscarles las cualidades a las personas para ayudarlas, si alguno est\u00e1 en la drogadicci\u00f3n buscarles otras posibilidades de vida. Obviamente, sin apoyo del Gobierno, cuando he tocado al Gobierno es dif\u00edcil por el protocolo.<\/em><\/li>\n<\/ul>\n<p><strong>RAFAEL ANTONIO PAB\u00d3N<\/strong><\/p>\n<p><a href=\"mailto:rafaelpabon58@hotmail.com\"><strong>rafaelpabon58@hotmail.com<\/strong><\/a><\/p>\n<p><strong>Foto: <\/strong><a href=\"http:\/\/www.contraluzcucuta.co\"><strong>www.contraluzcucuta.co<\/strong><\/a><\/p>\n<p>&nbsp;<\/p>\n<p>&nbsp; <\/p>\n","protected":false},"excerpt":{"rendered":"<p>\u00bfCu\u00e1l es el significado del monumento que se levanta en el Parque Playa, de la Avenida del r\u00edo? Es hacerles un homenaje a los militares que han ca\u00eddo en este absurdo conflicto, lunar que teneos que cambiar. Mart\u00edn G\u00f3mez es artista pl\u00e1stico. Desde ni\u00f1o se interes\u00f3 por la pintura, m\u00e1s tarde descubri\u00f3 en la escultura &hellip;<\/p>\n","protected":false},"author":1,"featured_media":29061,"comment_status":"open","ping_status":"open","sticky":false,"template":"","format":"standard","meta":{"footnotes":""},"categories":[45,4,6,37],"tags":[3426,3427,3428],"class_list":["post-29060","post","type-post","status-publish","format-standard","has-post-thumbnail","hentry","category-destacado","category-barra","category-ojo-avizor","category-paseo-cultural","tag-escultura-en-caucho","tag-martin-gomez","tag-parque-playa"],"_links":{"self":[{"href":"https:\/\/contraluzcucuta.co\/index.php?rest_route=\/wp\/v2\/posts\/29060","targetHints":{"allow":["GET"]}}],"collection":[{"href":"https:\/\/contraluzcucuta.co\/index.php?rest_route=\/wp\/v2\/posts"}],"about":[{"href":"https:\/\/contraluzcucuta.co\/index.php?rest_route=\/wp\/v2\/types\/post"}],"author":[{"embeddable":true,"href":"https:\/\/contraluzcucuta.co\/index.php?rest_route=\/wp\/v2\/users\/1"}],"replies":[{"embeddable":true,"href":"https:\/\/contraluzcucuta.co\/index.php?rest_route=%2Fwp%2Fv2%2Fcomments&post=29060"}],"version-history":[{"count":1,"href":"https:\/\/contraluzcucuta.co\/index.php?rest_route=\/wp\/v2\/posts\/29060\/revisions"}],"predecessor-version":[{"id":29062,"href":"https:\/\/contraluzcucuta.co\/index.php?rest_route=\/wp\/v2\/posts\/29060\/revisions\/29062"}],"wp:featuredmedia":[{"embeddable":true,"href":"https:\/\/contraluzcucuta.co\/index.php?rest_route=\/wp\/v2\/media\/29061"}],"wp:attachment":[{"href":"https:\/\/contraluzcucuta.co\/index.php?rest_route=%2Fwp%2Fv2%2Fmedia&parent=29060"}],"wp:term":[{"taxonomy":"category","embeddable":true,"href":"https:\/\/contraluzcucuta.co\/index.php?rest_route=%2Fwp%2Fv2%2Fcategories&post=29060"},{"taxonomy":"post_tag","embeddable":true,"href":"https:\/\/contraluzcucuta.co\/index.php?rest_route=%2Fwp%2Fv2%2Ftags&post=29060"}],"curies":[{"name":"wp","href":"https:\/\/api.w.org\/{rel}","templated":true}]}}