{"id":29006,"date":"2016-12-30T12:36:35","date_gmt":"2016-12-30T17:36:35","guid":{"rendered":"http:\/\/contraluzcucuta.co\/?p=29006"},"modified":"2016-12-30T12:36:35","modified_gmt":"2016-12-30T17:36:35","slug":"unipamplona-el-ingeniero-electronico-ivaldo-torres-llega-la-rectoria","status":"publish","type":"post","link":"https:\/\/contraluzcucuta.co\/?p=29006","title":{"rendered":"UNIPAMPLONA. El ingeniero electr\u00f3nico Ivaldo Torres llega a la rector\u00eda"},"content":{"rendered":"<p><strong>C\u00daCUTA.-<\/strong> El ingeniero electr\u00f3nico Ivaldo Torres Ch\u00e1vez regir\u00e1 los destinos de la Universidad de Pamplona en los pr\u00f3ximos cuatros a\u00f1os. As\u00ed lo determin\u00f3 El Consejo Superior de la instituci\u00f3n educativa, presidido por el gobernador William Villamizar. Remplaza en el cargo a Elio Serrano.<\/p>\n<p>En los \u00faltimos meses la universidad se vio envuelta en situaciones electoreras, luego de la renuncia del titular a ser reelegido. El listado de aspirantes casi alcanza la veintena, entre los que destacaban profesionales de diversa \u00edndole. El nombramiento tuvo un aplazamiento para acatar la tutela interpuesta por algunos de los candidatos.<\/p>\n<p>Torres Ch\u00e1vez tiene doctorado, especializaci\u00f3n y maestr\u00eda en ingenier\u00eda electr\u00f3nica. Cuenta con 12 a\u00f1os de experiencia en el campo acad\u00e9mico, en la Universidad de Pamplona. El Consejo lo eligi\u00f3 por unanimidad y se posesion\u00f3 de inmediato.<\/p>\n<p>En los corrillos pol\u00edticos se barajaron diversos nombres, unos con mayor fuerza que otros, y se les endilgaba el espaldarazo de congresistas y gobernantes. Esa amistad con los dirigentes los hac\u00eda m\u00e1s cercanos al cargo que ostent\u00f3 Serrano desde el 2013.<\/p>\n<p>\u201cDurante los pr\u00f3ximos cuatro a\u00f1os (2017-2019) se va a trabajar fuerte para lograr la acreditaci\u00f3n de la instituci\u00f3n educativa y el mejoramiento de los requerimientos de los estudiantes\u201d, dijo Villamizar Laguado.<\/p>\n<p>Para el nuevo rector es fundamental que los estamentos de la instituci\u00f3n hayan avalado la propuesta que les present\u00f3 y que ser\u00e1 el sost\u00e9n para trabajar en busca de posicionar a la universidad en uno de los m\u00e1s altos est\u00e1ndares.<\/p>\n<p>El plan de trabajo del rector entrante comprende:<\/p>\n<p>1.- El desarrollo acad\u00e9mico<\/p>\n<p>2.- La investigaci\u00f3n<\/p>\n<p>3.- La extensi\u00f3n<\/p>\n<p>4.- El desarrollo de la instituci\u00f3n en el posconflicto<\/p>\n<p>5.- La gesti\u00f3n de ingresos.<\/p>\n<p>Los cinco puntos ser\u00e1n los pilares con los que Ivaldo Torres le apuntar\u00e1 al \u00e9xito de la administraci\u00f3n.<\/p>\n<p>La ministra de Educaci\u00f3n de Colombia, Yanet Giha Tovar, se comprometi\u00f3 a acompa\u00f1ar el primer Consejo Superior de la Universidad, programado para el pr\u00f3ximo a\u00f1o. El objetivo ser\u00e1 revisar el balance y el plan de acci\u00f3n que se desarrollar\u00eda en el cuatrienio 2017 \u2013 2020.<\/p>\n<p><strong>Foto: PRENSA GOBERNACI\u00d3N<\/strong><\/p>\n<p>&nbsp; <\/p>\n","protected":false},"excerpt":{"rendered":"<p>C\u00daCUTA.- El ingeniero electr\u00f3nico Ivaldo Torres Ch\u00e1vez regir\u00e1 los destinos de la Universidad de Pamplona en los pr\u00f3ximos cuatros a\u00f1os. As\u00ed lo determin\u00f3 El Consejo Superior de la instituci\u00f3n educativa, presidido por el gobernador William Villamizar. Remplaza en el cargo a Elio Serrano. En los \u00faltimos meses la universidad se vio envuelta en situaciones electoreras, &hellip;<\/p>\n","protected":false},"author":1,"featured_media":29007,"comment_status":"open","ping_status":"open","sticky":false,"template":"","format":"standard","meta":{"footnotes":""},"categories":[74,4],"tags":[3417,3364],"class_list":["post-29006","post","type-post","status-publish","format-standard","has-post-thumbnail","hentry","category-aula-universitaria","category-barra","tag-ivaldo-torres-chavez","tag-rector-unipamplona"],"_links":{"self":[{"href":"https:\/\/contraluzcucuta.co\/index.php?rest_route=\/wp\/v2\/posts\/29006","targetHints":{"allow":["GET"]}}],"collection":[{"href":"https:\/\/contraluzcucuta.co\/index.php?rest_route=\/wp\/v2\/posts"}],"about":[{"href":"https:\/\/contraluzcucuta.co\/index.php?rest_route=\/wp\/v2\/types\/post"}],"author":[{"embeddable":true,"href":"https:\/\/contraluzcucuta.co\/index.php?rest_route=\/wp\/v2\/users\/1"}],"replies":[{"embeddable":true,"href":"https:\/\/contraluzcucuta.co\/index.php?rest_route=%2Fwp%2Fv2%2Fcomments&post=29006"}],"version-history":[{"count":1,"href":"https:\/\/contraluzcucuta.co\/index.php?rest_route=\/wp\/v2\/posts\/29006\/revisions"}],"predecessor-version":[{"id":29008,"href":"https:\/\/contraluzcucuta.co\/index.php?rest_route=\/wp\/v2\/posts\/29006\/revisions\/29008"}],"wp:featuredmedia":[{"embeddable":true,"href":"https:\/\/contraluzcucuta.co\/index.php?rest_route=\/wp\/v2\/media\/29007"}],"wp:attachment":[{"href":"https:\/\/contraluzcucuta.co\/index.php?rest_route=%2Fwp%2Fv2%2Fmedia&parent=29006"}],"wp:term":[{"taxonomy":"category","embeddable":true,"href":"https:\/\/contraluzcucuta.co\/index.php?rest_route=%2Fwp%2Fv2%2Fcategories&post=29006"},{"taxonomy":"post_tag","embeddable":true,"href":"https:\/\/contraluzcucuta.co\/index.php?rest_route=%2Fwp%2Fv2%2Ftags&post=29006"}],"curies":[{"name":"wp","href":"https:\/\/api.w.org\/{rel}","templated":true}]}}