{"id":28996,"date":"2016-12-28T16:43:22","date_gmt":"2016-12-28T21:43:22","guid":{"rendered":"http:\/\/contraluzcucuta.co\/?p=28996"},"modified":"2016-12-28T16:43:22","modified_gmt":"2016-12-28T21:43:22","slug":"analisis-el-renacer-de-la-etica","status":"publish","type":"post","link":"https:\/\/contraluzcucuta.co\/?p=28996","title":{"rendered":"AN\u00c1LISIS. El renacer de la \u00e9tica"},"content":{"rendered":"<p>En un mundo dominado por los intereses particulares, donde priman la individualidad, el ego\u00edsmo, la insolidaridad y la corrupci\u00f3n hablar de \u00e9tica significa ponernos en un plano superior. El origen de la \u00e9tica, cuyo fin principal es el estudio de lo correcto o equivocado del comportamiento humano, sabemos que se remonta a la antigua Grecia, donde el gran Plat\u00f3n inici\u00f3 la reflexi\u00f3n filos\u00f3fica, pero que hoy se ha desvirtuado.<\/p>\n<p>Y ese cambio dr\u00e1stico en la sociedad infortunadamente se produce en el mismo seno familiar. Ejemplos muy claros que nos indican el\u00a0 comportamiento \u00e9tico: cuando el padre env\u00eda a decir a los hijos que no se encuentra en casa los ense\u00f1a a mentir; cuando el padre o la madre es infiel, ense\u00f1a a enga\u00f1ar; cuando el padre o la madre se ufana y le ense\u00f1a a los hijos a vender productos con exageradas ganancias, le ense\u00f1a a explotar; cuando un padre, vinculado al sector oficial mediante contratos aumenta los precios de los materiales, o usa unos de menor calidad, ense\u00f1a a ser deshonestos.<\/p>\n<p>Son tantos los modelos que evidencian la enfermedad mental de la sociedad que estos socavan el inconsciente y \u00a0los ni\u00f1os, por ser m\u00e1s vulnerables y receptores, asumen como naturales. Una sociedad en la que prima\u00a0 el preconcepto de que \u201ctodo vale\u201d, de \u201cel fin justifica los medios\u201d, no puede menos que minar lo m\u00e1s sagrado: la moral.<\/p>\n<p>Relacion\u00e1ndose con otras disciplinas, como la antropolog\u00eda, el derecho, la sociolog\u00eda, la sicolog\u00eda, la \u00e9tica marca el camino del bien, del accionar humano para llevarnos a comportamientos deseables, acordes con la naturaleza del hombre como ser inteligente y dominante del mundo.<\/p>\n<p>De all\u00ed la observaci\u00f3n de la \u00e9tica normativa, o deontolog\u00eda, que nos ense\u00f1a\u00a0\u00a0 que hacer el bien \u00a0es nuestro deber. Y en esto \u00faltimo radica que Colombia vaya quit\u00e1ndose de esos puestos deshonrosos de corrupci\u00f3n.<\/p>\n<p>Asumamos que es nuestro compromiso moral que las actividades propias, rutinarias de nuestro trabajo o familiares deben estar enmarcadas dentro del bien, sin menoscabar a otros, sin explotar, sin robar.<\/p>\n<p>Y un papel preponderante lo tiene la educaci\u00f3n. Hay que reforzar la \u00e9tica en las instituciones, hay que darle la importancia merecida, \u00a0inculcar desde la primera infancia todos los principios que favorezcan al mayor n\u00famero de personas y no a unos cuantos.<\/p>\n<p>No sigamos al pie de la letra lo que escribi\u00f3 Plat\u00f3n, en La Rep\u00fablica, que solo a los gobernantes les pertenece el privilegio de mentir, a fin de enga\u00f1ar al enemigo o a los ciudadanos en beneficio del Estado. Pareciera que nuestros gobernantes estuvieran apegados a estos pensamientos y la virtud y la moderaci\u00f3n en la vida no fueran conocidos\u00a0 por \u00a0ellos.<\/p>\n<p><strong>Isbelia Gamboa Fajardo.<\/strong><\/p>\n<p><strong><a href=\"mailto:isbeliagamboa@hotmail.com\">isbeliagamboa@hotmail.com<\/a><\/strong><\/p>\n<p><strong>Foto: ABCpedia<\/strong> <\/p>\n","protected":false},"excerpt":{"rendered":"<p>En un mundo dominado por los intereses particulares, donde priman la individualidad, el ego\u00edsmo, la insolidaridad y la corrupci\u00f3n hablar de \u00e9tica significa ponernos en un plano superior. El origen de la \u00e9tica, cuyo fin principal es el estudio de lo correcto o equivocado del comportamiento humano, sabemos que se remonta a la antigua Grecia, &hellip;<\/p>\n","protected":false},"author":1,"featured_media":28997,"comment_status":"open","ping_status":"open","sticky":false,"template":"","format":"standard","meta":{"footnotes":""},"categories":[14,4],"tags":[2749,846],"class_list":["post-28996","post","type-post","status-publish","format-standard","has-post-thumbnail","hentry","category-articulistas","category-barra","tag-articulistas-contraluz","tag-isbelia-gamboa"],"_links":{"self":[{"href":"https:\/\/contraluzcucuta.co\/index.php?rest_route=\/wp\/v2\/posts\/28996","targetHints":{"allow":["GET"]}}],"collection":[{"href":"https:\/\/contraluzcucuta.co\/index.php?rest_route=\/wp\/v2\/posts"}],"about":[{"href":"https:\/\/contraluzcucuta.co\/index.php?rest_route=\/wp\/v2\/types\/post"}],"author":[{"embeddable":true,"href":"https:\/\/contraluzcucuta.co\/index.php?rest_route=\/wp\/v2\/users\/1"}],"replies":[{"embeddable":true,"href":"https:\/\/contraluzcucuta.co\/index.php?rest_route=%2Fwp%2Fv2%2Fcomments&post=28996"}],"version-history":[{"count":1,"href":"https:\/\/contraluzcucuta.co\/index.php?rest_route=\/wp\/v2\/posts\/28996\/revisions"}],"predecessor-version":[{"id":28998,"href":"https:\/\/contraluzcucuta.co\/index.php?rest_route=\/wp\/v2\/posts\/28996\/revisions\/28998"}],"wp:featuredmedia":[{"embeddable":true,"href":"https:\/\/contraluzcucuta.co\/index.php?rest_route=\/wp\/v2\/media\/28997"}],"wp:attachment":[{"href":"https:\/\/contraluzcucuta.co\/index.php?rest_route=%2Fwp%2Fv2%2Fmedia&parent=28996"}],"wp:term":[{"taxonomy":"category","embeddable":true,"href":"https:\/\/contraluzcucuta.co\/index.php?rest_route=%2Fwp%2Fv2%2Fcategories&post=28996"},{"taxonomy":"post_tag","embeddable":true,"href":"https:\/\/contraluzcucuta.co\/index.php?rest_route=%2Fwp%2Fv2%2Ftags&post=28996"}],"curies":[{"name":"wp","href":"https:\/\/api.w.org\/{rel}","templated":true}]}}