{"id":28993,"date":"2016-12-28T16:02:32","date_gmt":"2016-12-28T21:02:32","guid":{"rendered":"http:\/\/contraluzcucuta.co\/?p=28993"},"modified":"2016-12-28T16:02:32","modified_gmt":"2016-12-28T21:02:32","slug":"primer-ano-de-gobierno-alcalde-cesar-rojas-le-rindio-cuentas-cucuta","status":"publish","type":"post","link":"https:\/\/contraluzcucuta.co\/?p=28993","title":{"rendered":"PRIMER A\u00d1O DE GOBIERNO. Alcalde C\u00e9sar Rojas le rindi\u00f3 cuentas a C\u00facuta"},"content":{"rendered":"<p><strong>C\u00daCUTA.<\/strong>&#8211; M\u00e1s de 2000 cucute\u00f1os llegaron hasta la plazoleta \u2018Luis Carlos Gal\u00e1n\u2019 para escuchar la rendici\u00f3n de cuentas \u00a0del alcalde C\u00e9sar Rojas Ayala sobre el primer a\u00f1o de gobierno. Inversiones, proyectos, obras y gestiones de las dependencias de la administraci\u00f3n municipal hicieron parte del informe.<\/p>\n<p>En lo social, econ\u00f3mico, institucional y ambiental estuvo enfocado el balance de gesti\u00f3n.<\/p>\n<p><strong>1.- Educaci\u00f3n<\/strong>. Contrataci\u00f3n de 1000 empleos para personal administrativo, conserjes y aseo para las 223 sedes educativas de la ciudad, se entregaron 41.000 pupitres, 3300 tabletas\u00a0 y 22.105 unidades de menaje para los 113 comedores escolares, se construyeron y dotaron tres Centros de Desarrollo Infantil (CDI), 411 ediles y presidentes de juntas comunales se graduaron en el diplomado sobre Ley Anticorrupci\u00f3n, normatividad y tr\u00e1mites del Sisb\u00e9n, por medio del Centro Tecnol\u00f3gico de C\u00facuta.<\/p>\n<p><strong>2.- Salud<\/strong>. Se invirtieron $ 428 millones en vigilancia nutricional y sanitaria a restaurantes escolares y programas de h\u00e1bitos y estilos de vida saludables para atender a 4291 discapacitados y adultos mayores, se atendieron 271 habitantes en condici\u00f3n de calle en el Centro de Escucha, se efectuaron 4726 visitas domiciliarias para el control de vectores y 72.700 felinos y caninos fueron vacunados, con una inversi\u00f3n de $ 4612 millones. En la Unidad B\u00e1sica de Atenci\u00f3n de Agua Clara se atienden a 15.000 habitantes del sector y corregimientos aleda\u00f1os.<\/p>\n<p><strong>3.- Agua potable<\/strong>. Se construyeron 2420 metros lineales de canales y colectores para el manejo de aguas, se intervinieron los de Metr\u00f3polis, la glorieta de Cenabastos, el colector de Colsag, el canal de Pizarro, el colector La Gazapa y protecci\u00f3n y mitigaci\u00f3n de canales.<\/p>\n<p><strong>4.- Deporte y recreaci\u00f3n.<\/strong> 4110 ni\u00f1os y adolescentes fueron atendidos en escuelas de formaci\u00f3n deportiva, m\u00e1s de 12.551 ni\u00f1os y j\u00f3venes se matricularon en el Programa Sup\u00e9rate, la poblaci\u00f3n rural cont\u00f3 con los juegos intercorregimientos en el que participaron 626 deportistas en f\u00fatbol, atletismo y tejo, entre otros, y 22.677 participantes en \u00a0el programa de h\u00e1bitos y estilos de vida saludables, 21.721 participantes en actividades de inclusi\u00f3n social de j\u00f3venes, adultos, v\u00edctimas de la violencia, comunidad LGTBI, reintegrados y poblaciones de diferentes etnias.<\/p>\n<p><strong>5.- Cultura<\/strong>. 13.141 ni\u00f1os y j\u00f3venes vinculados a las escuelas de formaci\u00f3n art\u00edstica en danzas, teatro, artes pl\u00e1sticas, audiovisuales, m\u00fasica y artesan\u00edas, se construyeron tres salas de lectura en San Faustino, San Pedro y San Rafael, ampliaci\u00f3n de las salas de lectura de Bel\u00e9n y Claret y se adecu\u00f3 el camerino del Teatro Las Cascadas.<\/p>\n<p><strong>6.- Vivienda.<\/strong> Optimizando los recursos para hacer la entrega de 468 t\u00edtulos de predios, se legalizaron tres asentamientos humanos subnormales y 14 se encuentran en proceso de legalizaci\u00f3n. Atenci\u00f3n a grupos vulnerables, 55.951 v\u00edctimas del conflicto armado fueron atendidas, mediante el transporte de emergencia, kits de ayuda humanitaria inmediata, alojamiento temporal, gastos exequiales, programas de formaci\u00f3n para el trabajo y atenci\u00f3n sicosocial, se garantiz\u00f3 el Programa de Alimentaci\u00f3n Escolar (PAE) para beneficiar a 58.021 ni\u00f1os, 4120 empleos se generaron bajo el Programa de Generaci\u00f3n de Empleo de la Alcald\u00eda de C\u00facuta.<\/p>\n<p><strong>7.- Promoci\u00f3n del desarrollo, empleo y turismo<\/strong>. 3800 mujeres \u00a0vinculadas al programa de emprendimiento y generaci\u00f3n de empleo para embellecimiento de parques y zonas verdes, 2300 inscritos en programa Mi Negocio Ya, Instalaci\u00f3n de seis Puntos Vive Digital (Instituciones Educativas Sim\u00f3n Bol\u00edvar, Alejandro Guti\u00e9rrez Calder\u00f3n, Nuestra Se\u00f1ora de F\u00e1tima, INEM, Ciaf de La Libertad, Comfanorte) y 42 quioscos Vive Digital, tres m\u00f3dulos de recarga con energ\u00eda solar en el Parque Fundadores,\u00a0 300 a\u00f1os y frente a la UFPS. Con una inversi\u00f3n de $ 60 millones. 245 vinculados a programas de reconversi\u00f3n socio laboral de vendedores informales de combustible.<\/p>\n<p><strong>8.- Transporte<\/strong>. 9000 metros lineales de red vial urbana construida, mantenida, rehabilitada, mejorada y ampliada, 15.000 metros lineales de red vial rural intervenida construida, mantenida, rehabilitada, mejorada y ampliada, 1000 calles urbanas y rurales intervenidas mediante programa comunidad gobierno, 130 mujeres vinculadas al programa de Promotoras Viales.<\/p>\n<p><strong>9.- Justicia y Seguridad.<\/strong> Siete CAI m\u00f3viles, 52 motos 250cc, cuatro motos 650cc, cinco camionetas, 309 c\u00e1maras de seguridad operando, dos estaciones de polic\u00eda gestionados y fase de dise\u00f1o (Estaciones de Polic\u00eda Centro y Trigal del Norte) y cinco Centros Integrales de seguridad ciudadana C.I.C gestionadas y en fase de dise\u00f1o.<\/p>\n<p><strong>Foto: PRENSA ALCALD\u00cdA<\/strong><\/p>\n<p>&nbsp; <\/p>\n","protected":false},"excerpt":{"rendered":"<p>C\u00daCUTA.&#8211; M\u00e1s de 2000 cucute\u00f1os llegaron hasta la plazoleta \u2018Luis Carlos Gal\u00e1n\u2019 para escuchar la rendici\u00f3n de cuentas \u00a0del alcalde C\u00e9sar Rojas Ayala sobre el primer a\u00f1o de gobierno. Inversiones, proyectos, obras y gestiones de las dependencias de la administraci\u00f3n municipal hicieron parte del informe. En lo social, econ\u00f3mico, institucional y ambiental estuvo enfocado el &hellip;<\/p>\n","protected":false},"author":1,"featured_media":28994,"comment_status":"open","ping_status":"open","sticky":false,"template":"","format":"standard","meta":{"footnotes":""},"categories":[2625,4],"tags":[2733,226,3414,2120],"class_list":["post-28993","post","type-post","status-publish","format-standard","has-post-thumbnail","hentry","category-alcaldia-de-cucuta","category-barra","tag-alcalde-cesar-rojas","tag-alcaldia-de-cucuta","tag-primer-ano-de-gobierno","tag-rendicion-de-cuentas"],"_links":{"self":[{"href":"https:\/\/contraluzcucuta.co\/index.php?rest_route=\/wp\/v2\/posts\/28993","targetHints":{"allow":["GET"]}}],"collection":[{"href":"https:\/\/contraluzcucuta.co\/index.php?rest_route=\/wp\/v2\/posts"}],"about":[{"href":"https:\/\/contraluzcucuta.co\/index.php?rest_route=\/wp\/v2\/types\/post"}],"author":[{"embeddable":true,"href":"https:\/\/contraluzcucuta.co\/index.php?rest_route=\/wp\/v2\/users\/1"}],"replies":[{"embeddable":true,"href":"https:\/\/contraluzcucuta.co\/index.php?rest_route=%2Fwp%2Fv2%2Fcomments&post=28993"}],"version-history":[{"count":1,"href":"https:\/\/contraluzcucuta.co\/index.php?rest_route=\/wp\/v2\/posts\/28993\/revisions"}],"predecessor-version":[{"id":28995,"href":"https:\/\/contraluzcucuta.co\/index.php?rest_route=\/wp\/v2\/posts\/28993\/revisions\/28995"}],"wp:featuredmedia":[{"embeddable":true,"href":"https:\/\/contraluzcucuta.co\/index.php?rest_route=\/wp\/v2\/media\/28994"}],"wp:attachment":[{"href":"https:\/\/contraluzcucuta.co\/index.php?rest_route=%2Fwp%2Fv2%2Fmedia&parent=28993"}],"wp:term":[{"taxonomy":"category","embeddable":true,"href":"https:\/\/contraluzcucuta.co\/index.php?rest_route=%2Fwp%2Fv2%2Fcategories&post=28993"},{"taxonomy":"post_tag","embeddable":true,"href":"https:\/\/contraluzcucuta.co\/index.php?rest_route=%2Fwp%2Fv2%2Ftags&post=28993"}],"curies":[{"name":"wp","href":"https:\/\/api.w.org\/{rel}","templated":true}]}}