{"id":28955,"date":"2016-12-23T11:27:13","date_gmt":"2016-12-23T16:27:13","guid":{"rendered":"http:\/\/contraluzcucuta.co\/?p=28955"},"modified":"2016-12-23T11:27:13","modified_gmt":"2016-12-23T16:27:13","slug":"carta-jesus-no-quiero-mas-burras-viejas","status":"publish","type":"post","link":"https:\/\/contraluzcucuta.co\/?p=28955","title":{"rendered":"CARTA A JES\u00daS. No quiero m\u00e1s burras viejas"},"content":{"rendered":"<p>Hola, Jes\u00fas, te escribo desde C\u00facuta, y te cuento que tambi\u00e9n me cri\u00e9 en Bel\u00e9n. El barrio de ac\u00e1, ese por donde pasee mi infancia en medio de las limitaciones econ\u00f3micas, se parece en mucho al lugar donde naciste en un pesebre. La pobreza era grande, aunque los adultos se dieron a la tarea de cuidar a los hijos para que no se perdieran en el mundo que les ofrec\u00eda, metros abajo, la zona de tolerancia.<\/p>\n<p>En mis primeros a\u00f1os tambi\u00e9n me les perd\u00eda a mis padres, aunque no alcanc\u00e9 a estar tres d\u00edas fuera de casa. Escapaba a cualquier cuadra a jugar f\u00fatbol, trompo, metras, la lleva, 40 matas, golosa, y todos los dem\u00e1s juegos que a mis nietos les parecen rid\u00edculos porque no aparecen en el iPad que toman prestado tan pronto suben al carro.<\/p>\n<p>Jes\u00fas, me atrevo a escribirte en acato al p\u00e1rrafo que por estos d\u00edas se replica con fe y esperanza al participar en la Novena de Aguinaldos. \u201cAcordaos, \u00a1oh dulc\u00edsimo Ni\u00f1o Jes\u00fas!, que dijisteis a la venerable Margarita del sant\u00edsimo Sacramento, y en persona suya a todos vuestros devotos, estas palabras tan consoladoras para nuestra pobre humanidad agobiada y doliente: \u2018Todo lo que quieras pedir, p\u00eddelo por los m\u00e9ritos de mi infancia y nada te ser\u00e1 negado\u2019\u201d.<\/p>\n<p>Como fiel y creyente hago las peticiones para que esta ciudad, que en alg\u00fan momento alguien confundi\u00f3 con Calcuta, tenga un mejor presente a partir del 25 de diciembre. Jes\u00fas, en la capital de Norte de Santander todav\u00eda hay mucho ni\u00f1o que deambula por las calles, que limpia vidrios, que carga mercados en Cenabastos, que mendiga, que se prostituye, que no va a la escuela, que es maltratado por los padres, que no tiene futuro.<\/p>\n<p>Aqu\u00ed, te lo cuento en confianza, los programas oficiales de atenci\u00f3n son escasos y falta un poco m\u00e1s de inter\u00e9s entre la sociedad para proteger a la poblaci\u00f3n infantil. Es cierto, en la Alcald\u00eda y en la Gobernaci\u00f3n hay despachos que propenden por el bienestar de los ni\u00f1os, pero tambi\u00e9n en esas oficinas est\u00e1n anidados los que quieren sacar provecho de los proyectos y les importa poco malgastarse el dinero destinado para la educaci\u00f3n, la alimentaci\u00f3n y la recreaci\u00f3n de los peque\u00f1os.<\/p>\n<p>Esta es parte de la miseria que no permite a los ni\u00f1os ser los hombres de bien, sino que los induce por el camino torcido del pecado, para la Iglesia, y de la delincuencia, para las autoridades judiciales. La inocencia la pierden y como consecuencia pasan largos meses internados en la correccional de Los Patios.<\/p>\n<p>Jes\u00fas, que esto no suene a queja, pero quiero contarte que por estos d\u00edas los ni\u00f1os afrontan situaciones adveras, producto de la negaci\u00f3n de los adultos al temor a Tu Padre. No quieren, los mayores de edad, entender que esas personitas en formaci\u00f3n necesitan cari\u00f1o, comprensi\u00f3n y respeto. No vayas a decir que se me sali\u00f3 el sentimiento de nono. No, no es eso. Es que veo tan fr\u00e1giles a los ni\u00f1os y tan desprotegidos, que solo la mano tuya podr\u00e1 defenderlos.<\/p>\n<p>Jes\u00fas, tanto en los cerros como en los lujos condominios, hay ni\u00f1os que aguardan tu venida y esperan que en la noche de navidad les traigas un presente. Seguro que no quieren incienso, mirra y oro. Un bal\u00f3n, un carrito, una mu\u00f1eca, cualquier detalle los har\u00e1 sonre\u00edr. Muchos han pasado a\u00f1os en medio del llanto y del dolor, provocados por la guerra. Hoy, est\u00e1n prosternados en tierra y con los brazos tendidos esperan que de lo alto les llueva bienhechor roc\u00edo.<\/p>\n<p>Esos ni\u00f1os, no quieren m\u00e1s chivas, m\u00e1s burras negras ni yeguas blancas, desean tener en el coraz\u00f3n la paz y la tranquilidad que t\u00fa les puedes ofrecer.<\/p>\n<p>Creo, sinceramente, que los cucute\u00f1os, despu\u00e9s de esta misiva, estaremos \u201cseguros de que no quedar\u00e1 frustrada nuestra esperanza, y de que en virtud de vuestra divina promesa, acoger\u00e9is y despachar\u00e9is favorablemente nuestra s\u00faplica\u201d.<\/p>\n<p>No te quito m\u00e1s tiempo, porque entiendo que debes leer muchas otras cartas para darles respuesta ma\u00f1ana en la noche. Una \u00faltima recomendaci\u00f3n, por favor no olvides a Sophie y Samuel.<\/p>\n<p>Atentamente,<\/p>\n<p><strong>RAFAEL ANTONIO PAB\u00d3N<\/strong><\/p>\n<p><a href=\"mailto:rafaelpabon58@hotmail.com\"><strong>rafaelpabon58@hotmail.com<\/strong><\/a><\/p>\n<p><strong>Foto:<\/strong> <strong>Todocolecci\u00f3n<\/strong><\/p>\n<p><strong>\u00a0<\/strong><\/p>\n<p>&nbsp;<\/p>\n<p>&nbsp; <\/p>\n","protected":false},"excerpt":{"rendered":"<p>Hola, Jes\u00fas, te escribo desde C\u00facuta, y te cuento que tambi\u00e9n me cri\u00e9 en Bel\u00e9n. El barrio de ac\u00e1, ese por donde pasee mi infancia en medio de las limitaciones econ\u00f3micas, se parece en mucho al lugar donde naciste en un pesebre. La pobreza era grande, aunque los adultos se dieron a la tarea de &hellip;<\/p>\n","protected":false},"author":1,"featured_media":28956,"comment_status":"open","ping_status":"open","sticky":false,"template":"","format":"standard","meta":{"footnotes":""},"categories":[45,4],"tags":[3406],"class_list":["post-28955","post","type-post","status-publish","format-standard","has-post-thumbnail","hentry","category-destacado","category-barra","tag-carta-a-jesus"],"_links":{"self":[{"href":"https:\/\/contraluzcucuta.co\/index.php?rest_route=\/wp\/v2\/posts\/28955","targetHints":{"allow":["GET"]}}],"collection":[{"href":"https:\/\/contraluzcucuta.co\/index.php?rest_route=\/wp\/v2\/posts"}],"about":[{"href":"https:\/\/contraluzcucuta.co\/index.php?rest_route=\/wp\/v2\/types\/post"}],"author":[{"embeddable":true,"href":"https:\/\/contraluzcucuta.co\/index.php?rest_route=\/wp\/v2\/users\/1"}],"replies":[{"embeddable":true,"href":"https:\/\/contraluzcucuta.co\/index.php?rest_route=%2Fwp%2Fv2%2Fcomments&post=28955"}],"version-history":[{"count":1,"href":"https:\/\/contraluzcucuta.co\/index.php?rest_route=\/wp\/v2\/posts\/28955\/revisions"}],"predecessor-version":[{"id":28957,"href":"https:\/\/contraluzcucuta.co\/index.php?rest_route=\/wp\/v2\/posts\/28955\/revisions\/28957"}],"wp:featuredmedia":[{"embeddable":true,"href":"https:\/\/contraluzcucuta.co\/index.php?rest_route=\/wp\/v2\/media\/28956"}],"wp:attachment":[{"href":"https:\/\/contraluzcucuta.co\/index.php?rest_route=%2Fwp%2Fv2%2Fmedia&parent=28955"}],"wp:term":[{"taxonomy":"category","embeddable":true,"href":"https:\/\/contraluzcucuta.co\/index.php?rest_route=%2Fwp%2Fv2%2Fcategories&post=28955"},{"taxonomy":"post_tag","embeddable":true,"href":"https:\/\/contraluzcucuta.co\/index.php?rest_route=%2Fwp%2Fv2%2Ftags&post=28955"}],"curies":[{"name":"wp","href":"https:\/\/api.w.org\/{rel}","templated":true}]}}