{"id":28929,"date":"2016-12-19T14:26:24","date_gmt":"2016-12-19T19:26:24","guid":{"rendered":"http:\/\/contraluzcucuta.co\/?p=28929"},"modified":"2016-12-19T14:26:24","modified_gmt":"2016-12-19T19:26:24","slug":"rendicion-de-cuentas-fortalecimiento-y-desarrollo-socioeconomico-de-la-frontera","status":"publish","type":"post","link":"https:\/\/contraluzcucuta.co\/?p=28929","title":{"rendered":"RENDICI\u00d3N DE CUENTAS. Fortalecimiento y desarrollo socioecon\u00f3mico de la frontera"},"content":{"rendered":"<p><strong>C\u00daCUTA.-<\/strong> Cuatro proyectos de cooperaci\u00f3n internacional para el desarrollo regional adelant\u00f3 la Secretar\u00eda de Fronteras de Norte de Santander, en el a\u00f1o. A partir de estos programas se implement\u00f3 un esquema piloto de certificados de beneficio de agua como mecanismo para la conservaci\u00f3n del p\u00e1ramo de Santurb\u00e1n.<\/p>\n<p>Las acciones fortalecieron a las comunidades de \u00c1brego, Arboledas, Bochalema, Bucarasica, C\u00e1chira, C\u00e1cota, Chin\u00e1cota, Chitag\u00e1, C\u00facutilla, Gramalote, La Esperanza, Labateca, Lourdes, Mutiscua, Pamplona, Pamplonita, Salazar, Silos, Toledo y Villacaro.<\/p>\n<p>El secretario de fronteras Juan Carlos Cort\u00e9s entreg\u00f3 el balance del trabajo cumplido en el 2016.<\/p>\n<p>1.- Articulaci\u00f3n con APC-Colombia para la participaci\u00f3n por Norte de Santander de 20 profesionales en curso especializados en China, M\u00e9xico, Uruguay y Espa\u00f1a.<\/p>\n<p>2.- Participaci\u00f3n en el Consejo de Coordinaci\u00f3n del programa Prointegra, integraci\u00f3n econ\u00f3mica de los desplazados internos y las comunidades de acogida en Norte de Santander. El proceso fue financiado por el Ministerio Federal de Cooperaci\u00f3n y Desarrollo (BMZ) de Alemania y ejecutado por la GIZ.<\/p>\n<p>3.- Articulaci\u00f3n con el ministerio de Justicia para la cooperaci\u00f3n internacional en Colombia, retos y oportunidades en materia de drogas.<\/p>\n<p>Se ejecut\u00f3 una estrategia de fortalecimiento administrativo. Adem\u00e1s, se fortaleci\u00f3 el equipo interdisciplinario y operativo con seis profesionales y dos t\u00e9cnicos de apoyo. Se elabor\u00f3 el documento sectorial del Plan de Desarrollo, plan indicativo y plan de acci\u00f3n y plan estad\u00edstico.<\/p>\n<p>Se configur\u00f3 la caja de herramientas para que instituciones, sectores sociales y productivos, y academia ejecuten proyectos en las subregiones del departamento. Cien gestores recibieron capacitaci\u00f3n para fortalecer las capacidades institucionales y se elabor\u00f3 una estrategia de de investigaci\u00f3n y gesti\u00f3n de proyectos de desarrollo con fines de gesti\u00f3n en cooperaci\u00f3n.<\/p>\n<p>En este periodo se reuni\u00f3 el Consejo Departamental de Cooperaci\u00f3n Internacional, y se elabor\u00f3 y socializ\u00f3 el Plan Estrat\u00e9gico y se puso en marcha la Unidad de comunicaci\u00f3n y nuevas tecnolog\u00edas.<\/p>\n<p>Para el fortalecimiento de la cooperaci\u00f3n internacional y el desarrollo socioecon\u00f3mico de la frontera, la Secretar\u00eda trabajo en varios escenarios y las herramientas para tener una frontera en paz y productiva. Entre esas ejecutorias destacan:<\/p>\n<p>1.- Se emprendieron cuatro proyectos de apoyo para el mejoramiento de las condiciones socioecon\u00f3micas.<\/p>\n<p>2.- Alianza institucional para programar la construcci\u00f3n del Plan de Desarrollo End\u00f3geno de los municipios de frontera.<\/p>\n<p>3.- Se organiz\u00f3 el encuentro de municipios de frontera.<\/p>\n<p>4.- La elabor\u00f3 la propuesta para dise\u00f1ar el sistema de territorios cooperantes.<\/p>\n<p>5.- Se traz\u00f3 la agenda local de iniciativas sociales fronterizas.<\/p>\n<p>6.- Se brind\u00f3 apoyo al encuentro binacional de los pueblos Bar\u00ed.<\/p>\n<p><strong>Foto: PRENSA GOBERNACI\u00d3N<\/strong><\/p>\n<p>&nbsp; <\/p>\n","protected":false},"excerpt":{"rendered":"<p>C\u00daCUTA.- Cuatro proyectos de cooperaci\u00f3n internacional para el desarrollo regional adelant\u00f3 la Secretar\u00eda de Fronteras de Norte de Santander, en el a\u00f1o. A partir de estos programas se implement\u00f3 un esquema piloto de certificados de beneficio de agua como mecanismo para la conservaci\u00f3n del p\u00e1ramo de Santurb\u00e1n. Las acciones fortalecieron a las comunidades de \u00c1brego, &hellip;<\/p>\n","protected":false},"author":1,"featured_media":28930,"comment_status":"open","ping_status":"open","sticky":false,"template":"","format":"standard","meta":{"footnotes":""},"categories":[4,32],"tags":[3338,452],"class_list":["post-28929","post","type-post","status-publish","format-standard","has-post-thumbnail","hentry","category-barra","category-recorrido-por-la-region","tag-juan-carlos-cortes","tag-secretaria-de-fronteras"],"_links":{"self":[{"href":"https:\/\/contraluzcucuta.co\/index.php?rest_route=\/wp\/v2\/posts\/28929","targetHints":{"allow":["GET"]}}],"collection":[{"href":"https:\/\/contraluzcucuta.co\/index.php?rest_route=\/wp\/v2\/posts"}],"about":[{"href":"https:\/\/contraluzcucuta.co\/index.php?rest_route=\/wp\/v2\/types\/post"}],"author":[{"embeddable":true,"href":"https:\/\/contraluzcucuta.co\/index.php?rest_route=\/wp\/v2\/users\/1"}],"replies":[{"embeddable":true,"href":"https:\/\/contraluzcucuta.co\/index.php?rest_route=%2Fwp%2Fv2%2Fcomments&post=28929"}],"version-history":[{"count":1,"href":"https:\/\/contraluzcucuta.co\/index.php?rest_route=\/wp\/v2\/posts\/28929\/revisions"}],"predecessor-version":[{"id":28931,"href":"https:\/\/contraluzcucuta.co\/index.php?rest_route=\/wp\/v2\/posts\/28929\/revisions\/28931"}],"wp:featuredmedia":[{"embeddable":true,"href":"https:\/\/contraluzcucuta.co\/index.php?rest_route=\/wp\/v2\/media\/28930"}],"wp:attachment":[{"href":"https:\/\/contraluzcucuta.co\/index.php?rest_route=%2Fwp%2Fv2%2Fmedia&parent=28929"}],"wp:term":[{"taxonomy":"category","embeddable":true,"href":"https:\/\/contraluzcucuta.co\/index.php?rest_route=%2Fwp%2Fv2%2Fcategories&post=28929"},{"taxonomy":"post_tag","embeddable":true,"href":"https:\/\/contraluzcucuta.co\/index.php?rest_route=%2Fwp%2Fv2%2Ftags&post=28929"}],"curies":[{"name":"wp","href":"https:\/\/api.w.org\/{rel}","templated":true}]}}