{"id":28926,"date":"2016-12-19T09:35:23","date_gmt":"2016-12-19T14:35:23","guid":{"rendered":"http:\/\/contraluzcucuta.co\/?p=28926"},"modified":"2016-12-19T09:35:23","modified_gmt":"2016-12-19T14:35:23","slug":"carta-garabato-1808-dias-duro-el-purgatorio-del-america-en-la-b","status":"publish","type":"post","link":"https:\/\/contraluzcucuta.co\/?p=28926","title":{"rendered":"CARTA A \u2018GARABATO\u2019. 1808 d\u00edas dur\u00f3 el purgatorio del Am\u00e9rica en la B"},"content":{"rendered":"<p>\u2018No hay mal que dure cien a\u00f1os, ni cuerpo que lo resista\u2019, fue la frase m\u00e1s nombrada durante los a\u00f1os 50, 60 y 70 en Cali. Todo por culpa de los intereses personales hacia el mundo futbol\u00edstico, una maldici\u00f3n que encarcel\u00f3 en la oscuridad a los \u2018diablos rojos\u2019.<\/p>\n<p>Hola \u2018Garabato\u2019, le escribo esta carta, porque un grande ha vuelto, ese mismo que usted maldijo en 1948, y que en el 2011 envi\u00f3 directamente al infierno, el antro que ni siquiera los escarlatas controlaban a su voluntad.<\/p>\n<p>El f\u00fatbol es un amor que no tiene definici\u00f3n. A diario, miles de ancianos, j\u00f3venes y ni\u00f1os invierten valioso tiempo de la vida para entreg\u00e1rselo a los equipos. Cuando se habla del hincha americano, nos referimos a la lealtad de un pueblo, porque as\u00ed \u201cson cosas del coraz\u00f3n\u201d.<\/p>\n<p>1808 d\u00edas dur\u00f3 el purgatorio de Am\u00e9rica en la B, pasaron m\u00e1s de 60 jugadores y entre ellos 23 extranjeros. Durante los cinco a\u00f1os fue dirigido por ocho t\u00e9cnicos. Y un sufrimiento que usted en la tumba ha sabido disfrutar.<\/p>\n<p>Las exclamaciones de volver a Primera pasaron fronteras y el Bar\u00f3n Rojo Sur,\u00a0 con sus filiales por todo el mundo, se hizo notar. Hasta en los partidos de la selecci\u00f3n Colombia. \u00bfRecuerda el partido que Am\u00e9rica le gano a River Plate 3-1? con goles de Angulo, \u2018Tecla\u2019 y Borja,\u00a0 las mismas figuras de toda la temporada de ascenso.<\/p>\n<p>En la previa del partido, en trasmisi\u00f3n en vivo de FOX Sport Radio Argentina, \u2018El Pollo\u2019 Vignolo, uno de los comentaristas deportivos m\u00e1s importantes de ese pa\u00eds, dijo que \u201csoy hincha del Am\u00e9rica de Cali y vamos a ascender, carajo, de la mano del \u2018Tecla\u2019 Far\u00edas. En diciembre, vamos a celebrar el ascenso y voy a estar ah\u00ed. Voy a estar en Cali\u201d.<\/p>\n<p>\u2018El Pollo\u2019 dej\u00f3 de hablar de las selecciones Colombia y Argentina, cuando vio a un hincha de Am\u00e9rica en Miami (Estados Unidos). Pidi\u00f3 que lo conectaran con la cabina y la euforia de los gritos al conversar de \u2018la mechita\u2019 demostr\u00f3 la pasi\u00f3n, el amor y la lealtad lo que tanto te falt\u00f3 \u2018Garabato\u2019.<\/p>\n<p>\u2018El Pascual\u2019 y el club no sintieron la necesidad de efectuar otro exorcismo y para eso se trajo a Hern\u00e1n Torres. El hecho que \u2018la mecha\u2019 retomara su lugar fue sin\u00f3nimo de portadas en los diarios deportivos importantes del planeta, entre los que destacan Diario Ol\u00e9 (Argentina) y AS (Espa\u00f1a).<\/p>\n<p>La presencia de \u2018Garabato\u2019 se sinti\u00f3 el d\u00eda m\u00e1s triste para la historia americana. Pero los 38.000 hinchas que acompa\u00f1aron al equipo durante el semestre y en las finales, le demostraron qu\u00e9 es ser americano. Hasta un argentino prefiere hablar del club de sus amores antes que de su selecci\u00f3n.<\/p>\n<p>Ahora, no duele la p\u00e9rdida de las cuatro finales de la Libertadores, porque todos conocieron qu\u00e9 es sufrir de verdad. Ahora \u00bfpor qu\u00e9 deber\u00e1n recordarte \u2018Garabato\u2019? Si \u2018la mechita\u2019 est\u00e1 en la A y, adem\u00e1s, rompe tu maldici\u00f3n, porque llega campe\u00f3n.<\/p>\n<p><strong>ISMAEL GAMBOA CAICEDO<\/strong><\/p>\n<p><strong>Foto: <\/strong><strong>Caliescribe<\/strong> <\/p>\n","protected":false},"excerpt":{"rendered":"<p>\u2018No hay mal que dure cien a\u00f1os, ni cuerpo que lo resista\u2019, fue la frase m\u00e1s nombrada durante los a\u00f1os 50, 60 y 70 en Cali. Todo por culpa de los intereses personales hacia el mundo futbol\u00edstico, una maldici\u00f3n que encarcel\u00f3 en la oscuridad a los \u2018diablos rojos\u2019. Hola \u2018Garabato\u2019, le escribo esta carta, porque &hellip;<\/p>\n","protected":false},"author":1,"featured_media":28927,"comment_status":"open","ping_status":"open","sticky":false,"template":"","format":"standard","meta":{"footnotes":""},"categories":[4,28],"tags":[2972,2078,1396,301,1397],"class_list":["post-28926","post","type-post","status-publish","format-standard","has-post-thumbnail","hentry","category-barra","category-vistazo-deportivo","tag-america-de-cali","tag-copa-aguila","tag-dimayor","tag-futbol-profesional-colombiano","tag-segunda-division"],"_links":{"self":[{"href":"https:\/\/contraluzcucuta.co\/index.php?rest_route=\/wp\/v2\/posts\/28926","targetHints":{"allow":["GET"]}}],"collection":[{"href":"https:\/\/contraluzcucuta.co\/index.php?rest_route=\/wp\/v2\/posts"}],"about":[{"href":"https:\/\/contraluzcucuta.co\/index.php?rest_route=\/wp\/v2\/types\/post"}],"author":[{"embeddable":true,"href":"https:\/\/contraluzcucuta.co\/index.php?rest_route=\/wp\/v2\/users\/1"}],"replies":[{"embeddable":true,"href":"https:\/\/contraluzcucuta.co\/index.php?rest_route=%2Fwp%2Fv2%2Fcomments&post=28926"}],"version-history":[{"count":1,"href":"https:\/\/contraluzcucuta.co\/index.php?rest_route=\/wp\/v2\/posts\/28926\/revisions"}],"predecessor-version":[{"id":28928,"href":"https:\/\/contraluzcucuta.co\/index.php?rest_route=\/wp\/v2\/posts\/28926\/revisions\/28928"}],"wp:featuredmedia":[{"embeddable":true,"href":"https:\/\/contraluzcucuta.co\/index.php?rest_route=\/wp\/v2\/media\/28927"}],"wp:attachment":[{"href":"https:\/\/contraluzcucuta.co\/index.php?rest_route=%2Fwp%2Fv2%2Fmedia&parent=28926"}],"wp:term":[{"taxonomy":"category","embeddable":true,"href":"https:\/\/contraluzcucuta.co\/index.php?rest_route=%2Fwp%2Fv2%2Fcategories&post=28926"},{"taxonomy":"post_tag","embeddable":true,"href":"https:\/\/contraluzcucuta.co\/index.php?rest_route=%2Fwp%2Fv2%2Ftags&post=28926"}],"curies":[{"name":"wp","href":"https:\/\/api.w.org\/{rel}","templated":true}]}}