{"id":28923,"date":"2016-12-19T09:03:44","date_gmt":"2016-12-19T14:03:44","guid":{"rendered":"http:\/\/contraluzcucuta.co\/?p=28923"},"modified":"2016-12-19T09:03:44","modified_gmt":"2016-12-19T14:03:44","slug":"crisis-en-venezuela-la-gente-se-siente-desprotegida-conferencia-episcopal","status":"publish","type":"post","link":"https:\/\/contraluzcucuta.co\/?p=28923","title":{"rendered":"CRISIS EN VENEZUELA. La gente se siente desprotegida: Conferencia Episcopal"},"content":{"rendered":"<p>Las recientes medidas de car\u00e1cter econ\u00f3mico y monetario implementadas por el presidente de Venezuela. Nicol\u00e1s Maduro, agudizan la crisis que golpea al pa\u00eds. La aseveraci\u00f3n la hicieron los obispos miembros de la Conferencia Episcopal de Venezuela en un mensaje divulgado por estos d\u00edas.<\/p>\n<p>En los siguientes nueve puntos analizan lo que ocurre en la naci\u00f3n vecina:<\/p>\n<p>1.- Las recientes medidas de car\u00e1cter econ\u00f3mico y monetario implementadas por el Gobierno Nacional han agudizado la crisis que golpea a nuestra naci\u00f3n y a todos los ciudadanos. Las palabras del profeta Jerem\u00edas salen a nuestro encuentro para describir la situaci\u00f3n que en estos d\u00edas ha vivido nuestra gente: \u201cMi dolor no tiene remedio, mi coraz\u00f3n desfallece. Los ayes de mi pueblo se oyen por todo el pa\u00eds\u2026Sufro con el sufrimiento de mi pueblo, la tristeza y el terror se han apoderado de m\u00ed\u201d (Jer. 8,18-19.21)<\/p>\n<p>2.- Poner fuera de circulaci\u00f3n, en este momento del a\u00f1o, el billete de m\u00e1s alta denominaci\u00f3n (100 bol\u00edvares) y la manera apresurada de implementar la medida han causado graves molestias a toda la poblaci\u00f3n y han provocado indignaci\u00f3n, rechazo y violencia. Lo que quiz\u00e1s desde las altas esferas del Gobierno se pens\u00f3 que ser\u00eda una medida para ir resolviendo la crisis econ\u00f3mica se revirti\u00f3 contra el pueblo m\u00e1s sencillo. Los pobres, como siempre suele suceder, han sido los m\u00e1s perjudicados y los m\u00e1s indefensos con las decisiones tomadas. De hecho, tambi\u00e9n amplios sectores populares \u2013campesinos, obreros, jefes de familia- por no tener cuentas bancarias han sido enormemente perjudicados y dejados a la \u201cbuena de Dios&#8221;. Existe una gran incertidumbre en la gente al no saber qu\u00e9 pasar\u00e1 con su dinero y con sus ahorros. Esto, adem\u00e1s de afectar y a muchas personas, puede generar violencia y disturbios.<\/p>\n<p>3.- Por eso, queremos elevar nuestra voz para que sirva de eco a los clamores de nuestra gente, en especial las grandes masas populares, que de la noche a la ma\u00f1ana se han quedado pr\u00e1cticamente sin recursos ni poder adquisitivo a fin de poder conseguir los insumos necesarios para su alimentaci\u00f3n, transporte, medicinas y para cubrir los gastos necesarios de la cotidianidad.<\/p>\n<p>4.- La gente, que en largas colas con un m\u00ednimo de esperanza aguardaba alguna respuesta o caminos de soluci\u00f3n se ha sentido desprotegida por todos los dirigentes pol\u00edticos. El Gobierno ha llevado a cabo medidas terribles\u00a0 y precipitadas que perjudican a todos, sin tener en cuenta que son servidores de un pueblo que de verdad est\u00e1 sufriendo el menosprecio de todos los dirigentes pol\u00edticos. Por otra parte, salvo algunos dirigentes individuales, la oposici\u00f3n tard\u00f3 mucho en pronunciarse colectivamente al respecto.\u00a0 Al caminar por las comunidades escuchamos muchas cr\u00edticas hacia todos los dirigentes pol\u00edticos del pa\u00eds, lo cual resulta enormemente peligroso. Muchos hombres y mujeres no dejan de expresar sus sentimientos de frustraci\u00f3n y de abandono por parte de quienes deb\u00edan estar dando la cara y promoviendo soluciones justas.<\/p>\n<p>5.-\u00a0 A esto se une el aprovechamiento de quienes quieren sacar ganancias de la crisis que vive el pa\u00eds. Lamentablemente, existen grupos y mafias que acaparan, colocan sobreprecios y ahora pretenden ser los primeros en ser atendidos para lo referente al cambio y dep\u00f3sito de la moneda que est\u00e1 siendo sacada de circulaci\u00f3n. Al tener un o\u00eddo en el pueblo y otro en Dios, como pastores de nuestro pueblo, queremos ratificar nuestra cercan\u00eda hacia \u00e9l y nuestra decidida opci\u00f3n por los m\u00e1s pobres: lo hacemos desde el ejercicio de un discernimiento evang\u00e9lico, donde se intenta reconocer \u2014a la luz del Esp\u00edritu\u2014 \u00abuna llamada que Dios hace o\u00edr en una situaci\u00f3n hist\u00f3rica determinada; en ella y por medio de ella Dios llama al creyente\u00bb [E.G. 154].<\/p>\n<p>6.- A nuestra gente, en particular los m\u00e1s pobres y excluidos, queremos hacerles sentir nuestra cercan\u00eda. Para ello, les invitamos a ser protagonistas de su propio desarrollo. El sujeto social \u2013es decir, el pueblo- es el verdadero protagonista de la democracia.\u00a0 Sin acudir a la violencia, deben manifestar pac\u00edficamente su descontento as\u00ed como exigir el derecho de ser escuchados y atendidos.<\/p>\n<p>7.-\u00a0\u00a0\u00a0 A todos los dirigentes pol\u00edticos, econ\u00f3micos y sociales, de cualquier signo y color, les invitamos a ponerse del lado del pueblo y a buscar, en sinton\u00eda con el mismo, soluciones que beneficien a todos. No es momento para darles la espalda o para hacer o\u00eddos sordos a sus clamores. Al Gobierno Nacional, en todas sus instancias, particularmente el Ejecutivo, les pedimos que de verdad escuchen los clamores de la gente y resuelvan los grav\u00edsimos problemas que han provocado con esas improvisadas y nocivas medidas.<\/p>\n<p>8.-\u00a0\u00a0 A todos los cristianos cat\u00f3licos y hombres de buena voluntad en Venezuela les invitamos a mostrar la fuerza de la caridad y de la solidaridad en este tiempo de preparaci\u00f3n a la Navidad. La imagen de Jos\u00e9 buscando posada para Mar\u00eda y el Ni\u00f1o por nacer, al ser rechazado donde la ped\u00eda, expresa muy bien lo que est\u00e1 viviendo nuestra gente. Pedimos que en todas nuestras parroquias, comunidades eclesiales, comunidades de vida consagrada y hogares cat\u00f3licos se puedan abrir las puertas para que quienes verdaderamente lo necesiten encuentren un consuelo\u00a0 y `puedan compartir desde un poco de alimento hasta la aut\u00e9ntica alegr\u00eda que nos da el nacimiento del Salvador. No nos dejemos robar ni la alegr\u00eda ni la esperanza ni la Paz<\/p>\n<p>9-. Mar\u00eda de Bel\u00e9n, nuestra Se\u00f1ora de la Coromoto, junto con San Jos\u00e9 y el Ni\u00f1o Jes\u00fas nos acompa\u00f1en y que, al celebrar el misterio de la Navidad podamos sentir la fuerza que viene de lo alto, con la cual podamos mirar el futuro del Reino de Dios, que lo es de justicia, paz y amor.<\/p>\n<p>Con nuestra afectuosa bendici\u00f3n.<\/p>\n<p><strong>+JORGE UROSA Cardenal Arzobispo de Caracas. Presidente de Honor de la CEV<\/strong><\/p>\n<p><strong>+BALTAZAR PORRAS, Arzobispo de M\u00e9rida y Presidente de honor de la CEV.<\/strong><\/p>\n<p><strong>+DIEGO PADRON, Arzobispo de Cuman\u00e1 y Presidente de la CEV<\/strong><\/p>\n<p><strong>+JOS\u00c9 LUIZ AZUAJE, Obispo de Barinas y I Vice-presidente de la CEV<\/strong><\/p>\n<p><strong>+MARIO MORONTA, Obispo de San Crist\u00f3bal y II Vice-presidente de la CEV<\/strong><\/p>\n<p><strong>+VICTOR HUGO BASABE. Obispo de San Felipe y Secretario General de la CEV<\/strong><\/p>\n<p><strong>Foto: El Cato<\/strong><\/p>\n<p><strong>\u00a0<\/strong> <\/p>\n","protected":false},"excerpt":{"rendered":"<p>Las recientes medidas de car\u00e1cter econ\u00f3mico y monetario implementadas por el presidente de Venezuela. Nicol\u00e1s Maduro, agudizan la crisis que golpea al pa\u00eds. La aseveraci\u00f3n la hicieron los obispos miembros de la Conferencia Episcopal de Venezuela en un mensaje divulgado por estos d\u00edas. En los siguientes nueve puntos analizan lo que ocurre en la naci\u00f3n &hellip;<\/p>\n","protected":false},"author":1,"featured_media":28924,"comment_status":"open","ping_status":"open","sticky":false,"template":"","format":"standard","meta":{"footnotes":""},"categories":[1326,4,106],"tags":[2504,1164],"class_list":["post-28923","post","type-post","status-publish","format-standard","has-post-thumbnail","hentry","category-crisis-en-venezuela-2","category-barra","category-documentos","tag-conferencia-episcopal-venezolana","tag-crisis-en-venezuela"],"_links":{"self":[{"href":"https:\/\/contraluzcucuta.co\/index.php?rest_route=\/wp\/v2\/posts\/28923","targetHints":{"allow":["GET"]}}],"collection":[{"href":"https:\/\/contraluzcucuta.co\/index.php?rest_route=\/wp\/v2\/posts"}],"about":[{"href":"https:\/\/contraluzcucuta.co\/index.php?rest_route=\/wp\/v2\/types\/post"}],"author":[{"embeddable":true,"href":"https:\/\/contraluzcucuta.co\/index.php?rest_route=\/wp\/v2\/users\/1"}],"replies":[{"embeddable":true,"href":"https:\/\/contraluzcucuta.co\/index.php?rest_route=%2Fwp%2Fv2%2Fcomments&post=28923"}],"version-history":[{"count":1,"href":"https:\/\/contraluzcucuta.co\/index.php?rest_route=\/wp\/v2\/posts\/28923\/revisions"}],"predecessor-version":[{"id":28925,"href":"https:\/\/contraluzcucuta.co\/index.php?rest_route=\/wp\/v2\/posts\/28923\/revisions\/28925"}],"wp:featuredmedia":[{"embeddable":true,"href":"https:\/\/contraluzcucuta.co\/index.php?rest_route=\/wp\/v2\/media\/28924"}],"wp:attachment":[{"href":"https:\/\/contraluzcucuta.co\/index.php?rest_route=%2Fwp%2Fv2%2Fmedia&parent=28923"}],"wp:term":[{"taxonomy":"category","embeddable":true,"href":"https:\/\/contraluzcucuta.co\/index.php?rest_route=%2Fwp%2Fv2%2Fcategories&post=28923"},{"taxonomy":"post_tag","embeddable":true,"href":"https:\/\/contraluzcucuta.co\/index.php?rest_route=%2Fwp%2Fv2%2Ftags&post=28923"}],"curies":[{"name":"wp","href":"https:\/\/api.w.org\/{rel}","templated":true}]}}