{"id":28917,"date":"2016-12-16T20:03:03","date_gmt":"2016-12-17T01:03:03","guid":{"rendered":"http:\/\/contraluzcucuta.co\/?p=28917"},"modified":"2016-12-16T20:03:03","modified_gmt":"2016-12-17T01:03:03","slug":"reportaje-frontera-apertura-pero-con-cambios","status":"publish","type":"post","link":"https:\/\/contraluzcucuta.co\/?p=28917","title":{"rendered":"REPORTAJE. Frontera, apertura, pero con cambios  \u00a0"},"content":{"rendered":"<p><strong>C\u00daCUTA.-<\/strong> Tras el cierre de la frontera colombo-venezolana, en agosto de2015, por orden expresa del presidente venezolano Nicol\u00e1s Maduro, para frenar el contrabando y el desabastecimiento que los afectaba.<\/p>\n<p>Miles de familias colombianas radicadas en el vecino pa\u00eds fueron obligadas a dejar pertenencias y familias al ser expulsados de las viviendas. Los acusaron de ser \u2018guerrilleros\u2019. Al llegar a Colombia se refugiaron en albergues preparados para recibirlos y darles mejor calidad de vida, ubic\u00e1ndolos en trabajos temporales para tener mejor estabilidad familiar.<\/p>\n<p>La secretar\u00eda de Salud de Norte de Santander adelant\u00f3 un censo para ayudar a los venezolanos radicados en Colombia. Ofreci\u00f3 charlas y talleres para la poblaci\u00f3n vulnerable a las enfermedades de transmisi\u00f3n sexual y las embarazadas en mal estado de salud.<\/p>\n<p>Al llegar a Colombia encontraron una realidad diferente a la que estaban acostumbrados. El gobierno venezolano tiene a los habitantes ense\u00f1ados a que todo se lo den y esperaban que los gobernantes colombianos hicieran lo mismo. Solo recibieron ayuda para subsistir en territorio fronterizo.<\/p>\n<p>Ang\u00e9lica Serrano, de 64 a\u00f1os, fue deportada. \u201cTrabaj\u00e9 nueve a\u00f1os en una empresa de alimentos. En un momento la guardia venezolana empez\u00f3 a pedir papeles y era la \u00fanica colombiana. No me validaron la c\u00e9dula venezolana que ten\u00eda y me retuvieron en un calabozo 24 horas\u201d. No le dieron la posibilidad de avisar a los familiares ni de sacar las pertenencias. Al llegar a Colombia tuvo un choque cultural y sicol\u00f3gico, porque en Venezuela lo ten\u00eda todo y al cruzar la frontera se encontr\u00f3 sin nada y sin posibilidad de trabajar por la edad.<\/p>\n<p>No solo se evidenciaron p\u00e9rdidas individuales, tambi\u00e9n se afectaron los cambistas tras el cierre fronterizo. La devaluaci\u00f3n de la moneda venezolana, en los \u00faltimos tiempos, ha perjudicado a centenares de familias. Mar\u00eda Sarmiento es cambista y vivi\u00f3 el cierre de la frontera, el 20 de agosto de 2015. \u201cEso fue algo duro para m\u00ed, porque con esto es que sostengo a mis hijos, darles la alimentaci\u00f3n, un buen hogar y los estudios. Solo esperaba el momento en que volvieran a abrir la frontera y as\u00ed tener nuevamente mi trabajo estable\u201d.<\/p>\n<p>Despu\u00e9s de 10 meses, Nicol\u00e1s Maduro lleg\u00f3 a un acuerdo con el presidente colombiano Juan Manuel Santos y decidieron, el 10 de julio de 2016, reabrir el paso peatonal para que los habitantes de ambos pa\u00edses reencontraran a las familias. M\u00e1s de 85.000 ni\u00f1os y adultos pasaron la frontera el primer d\u00eda.<\/p>\n<p>&nbsp;<\/p>\n<p>La apertura se dio con una serie de cambios para ambos pa\u00edses en torno al contrabando, el mejoramiento del comercio, la seguridad y el combustible, entre otros.<\/p>\n<p>\u201cLa delincuencia se ha incrementado en la frontera. Es algo preocupante, pero todo se va a manejar con cautela\u201d, dijo El agente de la polic\u00eda Gustavo Vera.<\/p>\n<p><strong>CRISTIAN FORERO &#8211; MAYRA G\u00c9LVEZ<\/strong><\/p>\n<p><strong>Estudiantes de Comunicaci\u00f3n Social<\/strong><\/p>\n<p><strong>Universidad de Pamplona<\/strong><\/p>\n<p><strong>Campus de Villa del Rosario<\/strong><\/p>\n<p><strong>Foto: Especial para <a href=\"http:\/\/www.contraluzcucuta.co\">www.contraluzcucuta.co<\/a><\/strong><\/p>\n<p>&nbsp; <\/p>\n","protected":false},"excerpt":{"rendered":"<p>C\u00daCUTA.- Tras el cierre de la frontera colombo-venezolana, en agosto de2015, por orden expresa del presidente venezolano Nicol\u00e1s Maduro, para frenar el contrabando y el desabastecimiento que los afectaba. Miles de familias colombianas radicadas en el vecino pa\u00eds fueron obligadas a dejar pertenencias y familias al ser expulsados de las viviendas. Los acusaron de ser &hellip;<\/p>\n","protected":false},"author":1,"featured_media":28918,"comment_status":"open","ping_status":"open","sticky":false,"template":"","format":"standard","meta":{"footnotes":""},"categories":[45,4],"tags":[2483],"class_list":["post-28917","post","type-post","status-publish","format-standard","has-post-thumbnail","hentry","category-destacado","category-barra","tag-crisis-en-la-frontera"],"_links":{"self":[{"href":"https:\/\/contraluzcucuta.co\/index.php?rest_route=\/wp\/v2\/posts\/28917","targetHints":{"allow":["GET"]}}],"collection":[{"href":"https:\/\/contraluzcucuta.co\/index.php?rest_route=\/wp\/v2\/posts"}],"about":[{"href":"https:\/\/contraluzcucuta.co\/index.php?rest_route=\/wp\/v2\/types\/post"}],"author":[{"embeddable":true,"href":"https:\/\/contraluzcucuta.co\/index.php?rest_route=\/wp\/v2\/users\/1"}],"replies":[{"embeddable":true,"href":"https:\/\/contraluzcucuta.co\/index.php?rest_route=%2Fwp%2Fv2%2Fcomments&post=28917"}],"version-history":[{"count":1,"href":"https:\/\/contraluzcucuta.co\/index.php?rest_route=\/wp\/v2\/posts\/28917\/revisions"}],"predecessor-version":[{"id":28919,"href":"https:\/\/contraluzcucuta.co\/index.php?rest_route=\/wp\/v2\/posts\/28917\/revisions\/28919"}],"wp:featuredmedia":[{"embeddable":true,"href":"https:\/\/contraluzcucuta.co\/index.php?rest_route=\/wp\/v2\/media\/28918"}],"wp:attachment":[{"href":"https:\/\/contraluzcucuta.co\/index.php?rest_route=%2Fwp%2Fv2%2Fmedia&parent=28917"}],"wp:term":[{"taxonomy":"category","embeddable":true,"href":"https:\/\/contraluzcucuta.co\/index.php?rest_route=%2Fwp%2Fv2%2Fcategories&post=28917"},{"taxonomy":"post_tag","embeddable":true,"href":"https:\/\/contraluzcucuta.co\/index.php?rest_route=%2Fwp%2Fv2%2Ftags&post=28917"}],"curies":[{"name":"wp","href":"https:\/\/api.w.org\/{rel}","templated":true}]}}