{"id":28914,"date":"2016-12-16T19:48:01","date_gmt":"2016-12-17T00:48:01","guid":{"rendered":"http:\/\/contraluzcucuta.co\/?p=28914"},"modified":"2016-12-16T19:48:01","modified_gmt":"2016-12-17T00:48:01","slug":"se-dice-que-pamplona-esta-al-garete","status":"publish","type":"post","link":"https:\/\/contraluzcucuta.co\/?p=28914","title":{"rendered":"SE DICE QUE\u2026 Pamplona est\u00e1 al garete"},"content":{"rendered":"<p><strong>Tantas contralor\u00edas<\/strong><\/p>\n<p>El futro de las\u00a0 contralor\u00edas\u00a0 departamentales\u00a0 y\u00a0 municipales pareciera ser\u00a0 incierto\u00a0 luego de que\u00a0 el Contralor\u00a0 General de la Rep\u00fablica, Edgardo Maya,\u00a0 se\u00f1alara\u00a0 que en Colombia\u00a0 hay un \u201cgalimat\u00edas\u201d en ese aspecto y\u00a0 agreg\u00f3: \u201cElPa\u00eds no puede\u00a0 seguir\u00a0 con 54\u00a0 contralor\u00edas , una\u00a0 contralor\u00eda\u00a0 \u00fanica de\u00a0 la\u00a0 Rep\u00fablica,\u00a0 32\u00a0 contralor\u00edas\u00a0 departamentales,\u00a0 31\u00a0 contralor\u00edas municipales, y\u00a0 cada\u00a0 una hace\u00a0 lo que\u00a0 considera. No hay una\u00a0 l\u00ednea\u00a0 de integraci\u00f3n de ninguna\u00a0 clase\u201d. Agreg\u00f3 que es\u00a0 el momento\u00a0 para\u00a0 entrar\u00a0 al gran debate\u00a0 en busca\u00a0 de dar\u00a0 soluci\u00f3n al\u00a0 control en los\u00a0 dineros\u00a0 p\u00fablicos. La aseveraci\u00f3n la\u00a0 hizo al\u00a0 ser\u00a0 cuestionado por el caso de\u00a0 Reficar.<\/p>\n<p><strong>\u00a1El Control Previo<\/strong>!<\/p>\n<p>El Contralor se quej\u00f3 de que la Constituci\u00f3n del 91 haya eliminado el control previo. \u201cTuvimos\u00a0 el\u00a0 control previo hasta\u00a0 1991, pero ese control llev\u00f3 a una Contralor\u00eda que empez\u00f3 a extorsionar. Comenz\u00f3 a cooadministrar \u00a0y\u00a0 a avalar\u00a0 irregularidades. Ustedes saben que hay una\u00a0 triste historia de\u00a0 contralores\u00a0 que terminaron condenados\u00a0 en serie\u00a0 por estas irregularidades. Luego, se cre\u00f3 una\u00a0 modalidad de control de advertencia y la\u00a0 Corte,\u00a0 en el 2014,\u00a0 dijo que esa era\u00a0 una modalidad de control previo y lo elimin\u00f3. Esto es lo que le\u00a0 queda \u00a0ahora a la Contralor\u00eda, llegar despu\u00e9s de que se hace\u00a0 la fiesta\u00a0 con los\u00a0 dineros\u00a0 p\u00fablicos;\u00a0 mejor\u00a0 dicho, al levantamiento del cad\u00e1ver\u201d.<\/p>\n<p><strong>La historia de Lizarazo<\/strong><\/p>\n<p>Aunque dicen que la candidatura de Antonio Jos\u00e9 Lizarazo, exgobernador de Nortede Santander, a la Corte Constitucional en la que fue nombrado, se dio por Cambio Radical, la historia es otra. Lizarazo, hasta hace pocos d\u00edas tuvo un contrato con el Estado para asesorarlo en temas de paz, fue apoyado en la intenci\u00f3n de llegar a la Corte Constitucional por el Gobierno, pero all\u00ed tambi\u00e9n se sum\u00f3 la bancada de congresistas nortesantandereanos en busca del objetivo. El mismo d\u00eda de la elecci\u00f3n el candidato asisti\u00f3 a un almuerzo organizado en la presidencia del senado y entre quienes convocaban se hallaba el senador Manuel Guillermo Mora. No hay que olvidar que Mora fue secretario de Salud en el gobierno de Antonio Jos\u00e9 Lizarazo en Norte de Santander.<\/p>\n<p><strong>La inhabilidad de Lizarazo<\/strong><\/p>\n<p>Para algunos entendidos el nuevo magistrado de la Corte Constitucional, Antonio Jos\u00e9 Lizarazo, deber\u00e1 declarase impedido en ese tribunal para fallar sobre temas concernientes a los de la Paz y su implementaci\u00f3n.\u00a0 Todo porque el contrato de Lizarazo con el Gobierno, meses antes de ser elegido, era para asesorarlo en temas de paz, eso quiere decir que muy poco le va a ayudar al Gobierno cuando se trate de apuntalar los acuerdos.<\/p>\n<p><strong>Chac\u00f3n y la Reforma Tributaria<\/strong><\/p>\n<p>El representante a\u00a0 la\u00a0 c\u00e1mara\u00a0 Alejandro\u00a0 Carlos Chac\u00f3n se\u00a0 ha\u00a0 convertido en la <em>vedette<\/em>\u00a0 de la\u00a0 reforma\u00a0 tributaria, aunque\u00a0 no\u00a0 ha\u00a0 logrado\u00a0 desmontar\u00a0 la propuesta\u00a0 del IVA\u00a0 de 16 al 19 %, considerada\u00a0 como eje\u00a0 de la Reforma. Chac\u00f3n se ha dado\u00a0 la pelea\u00a0 en otros\u00a0 campos\u00a0 como en\u00a0 productos\u00a0 que\u00a0 podr\u00edan llamarse\u00a0 suntuarios, pero que son de consumo\u00a0 diario de los\u00a0 colombianos, uno de ellos son las\u00a0 motos. El\u00a0 representante\u00a0 que habla de la reforma\u00a0 en pasillos, cafer\u00edas\u00a0 y salones\u00a0 del Congreso, ha exigido\u00a0 en cada\u00a0 uno de los reglones\u00a0\u00a0 di\u00e1logos directos\u00a0 con los interesados\u00a0 o sea\u00a0\u00a0 ha rechazado la intervenci\u00f3n de los \u2018lobistas\u2019\u00a0\u00a0 en sus\u00a0 acercamientos \u00a0con los\u00a0 gremios.<\/p>\n<p><strong>En Cuerpo Ajeno<\/strong><\/p>\n<p>Muchas quejas hay en Oca\u00f1a por la manera como all\u00ed se gobierna. Para algunos, quien realmente maneja la administraci\u00f3n municipal, no es Myrian Ar\u00e9valo, sino su esposo Juan Carlos Ar\u00e9valo.\u00a0 Adem\u00e1s, hablan de compras suntuosas, como carros, apartamentos y mucho m\u00e1s. Lo cierto es que hay incomodidad entre las los oca\u00f1eros, pues esperaban de Miriam mucho m\u00e1s. Bueno eso es lo que nos deja\u00a0\u00a0 la democracia.<\/p>\n<p><strong>Pamplona al garete<\/strong><\/p>\n<p>Dicen que el alcalde Ronal Mauricio Contreras, de Pamplona, es poco lo que ha podido conseguirpara su administraci\u00f3n y dar soluci\u00f3n los problemas de los pamploneses. Todo, porque al parecer, el alcalde sigui\u00f3 encampa\u00f1a. O sea, habla mal de, a quienes tiene que acudir, en busca de ayuda; dicen que lo hace en p\u00fablico y a esos mismos funcionarios, luego,los elogia en privado y es que esa t\u00e1ctica es muy contraproducente. Por ello muchos de los que deber\u00edan ayudarle a su administraci\u00f3n han preferido marginarse y dejar las cosas para otra oportunidad. El alcalde que es un ferro defensor de las ideasUribe deber\u00edapreocuparse m\u00e1s por lograr lo que Pamplona requierey dejar lapol\u00edtica para cuando termine su mandato.<\/p>\n<p><strong>JUAN RICARDO G\u00c9LVEZ<\/strong><\/p>\n<p><strong>Foto: INTERNET<\/strong> <\/p>\n","protected":false},"excerpt":{"rendered":"<p>Tantas contralor\u00edas El futro de las\u00a0 contralor\u00edas\u00a0 departamentales\u00a0 y\u00a0 municipales pareciera ser\u00a0 incierto\u00a0 luego de que\u00a0 el Contralor\u00a0 General de la Rep\u00fablica, Edgardo Maya,\u00a0 se\u00f1alara\u00a0 que en Colombia\u00a0 hay un \u201cgalimat\u00edas\u201d en ese aspecto y\u00a0 agreg\u00f3: \u201cElPa\u00eds no puede\u00a0 seguir\u00a0 con 54\u00a0 contralor\u00edas , una\u00a0 contralor\u00eda\u00a0 \u00fanica de\u00a0 la\u00a0 Rep\u00fablica,\u00a0 32\u00a0 contralor\u00edas\u00a0 departamentales,\u00a0 31\u00a0 contralor\u00edas &hellip;<\/p>\n","protected":false},"author":1,"featured_media":28915,"comment_status":"open","ping_status":"open","sticky":false,"template":"","format":"standard","meta":{"footnotes":""},"categories":[14,4,9],"tags":[2421],"class_list":["post-28914","post","type-post","status-publish","format-standard","has-post-thumbnail","hentry","category-articulistas","category-barra","category-politica","tag-pamplona-colombia"],"_links":{"self":[{"href":"https:\/\/contraluzcucuta.co\/index.php?rest_route=\/wp\/v2\/posts\/28914","targetHints":{"allow":["GET"]}}],"collection":[{"href":"https:\/\/contraluzcucuta.co\/index.php?rest_route=\/wp\/v2\/posts"}],"about":[{"href":"https:\/\/contraluzcucuta.co\/index.php?rest_route=\/wp\/v2\/types\/post"}],"author":[{"embeddable":true,"href":"https:\/\/contraluzcucuta.co\/index.php?rest_route=\/wp\/v2\/users\/1"}],"replies":[{"embeddable":true,"href":"https:\/\/contraluzcucuta.co\/index.php?rest_route=%2Fwp%2Fv2%2Fcomments&post=28914"}],"version-history":[{"count":1,"href":"https:\/\/contraluzcucuta.co\/index.php?rest_route=\/wp\/v2\/posts\/28914\/revisions"}],"predecessor-version":[{"id":28916,"href":"https:\/\/contraluzcucuta.co\/index.php?rest_route=\/wp\/v2\/posts\/28914\/revisions\/28916"}],"wp:featuredmedia":[{"embeddable":true,"href":"https:\/\/contraluzcucuta.co\/index.php?rest_route=\/wp\/v2\/media\/28915"}],"wp:attachment":[{"href":"https:\/\/contraluzcucuta.co\/index.php?rest_route=%2Fwp%2Fv2%2Fmedia&parent=28914"}],"wp:term":[{"taxonomy":"category","embeddable":true,"href":"https:\/\/contraluzcucuta.co\/index.php?rest_route=%2Fwp%2Fv2%2Fcategories&post=28914"},{"taxonomy":"post_tag","embeddable":true,"href":"https:\/\/contraluzcucuta.co\/index.php?rest_route=%2Fwp%2Fv2%2Ftags&post=28914"}],"curies":[{"name":"wp","href":"https:\/\/api.w.org\/{rel}","templated":true}]}}