{"id":28905,"date":"2016-12-16T18:22:37","date_gmt":"2016-12-16T23:22:37","guid":{"rendered":"http:\/\/contraluzcucuta.co\/?p=28905"},"modified":"2016-12-16T18:22:37","modified_gmt":"2016-12-16T23:22:37","slug":"si-la-infancia-5000-ninos-y-adolescentes-beneficiados-en-cucuta","status":"publish","type":"post","link":"https:\/\/contraluzcucuta.co\/?p=28905","title":{"rendered":"S\u00cd A LA INFANCIA. 5000 ni\u00f1os y adolescentes beneficiados en C\u00facuta"},"content":{"rendered":"<p><strong>C\u00daCUTA.-<\/strong> La Secretar\u00eda de Educaci\u00f3n Municipal present\u00f3 el programa \u2018S\u00ed a la Infancia\u2019, con el que beneficiar\u00e1 a m\u00e1s de 5000 ni\u00f1os y adolescentes de la ciudad.<\/p>\n<p>El nuevo espacio es una apuesta de la Alcald\u00eda de C\u00facuta en alianza con el Instituto Colombiano de Bienestar Familiar. El prop\u00f3sito es ofrecerles atenci\u00f3n integral a m\u00e1s ni\u00f1os de la ciudad, en lugares que cumplan con los est\u00e1ndares de calidad.<\/p>\n<p>La secretaria de educaci\u00f3n, Indira P\u00e9rez P\u00e9rez, dijo que los peque\u00f1os contar\u00e1n con agentes educativos. El equipo interdisciplinar est\u00e1 conformado por maestras, nutricionistas, sic\u00f3logas, coordinadores, auxiliares pedag\u00f3gicos y manipuladoras de alimentos.<\/p>\n<p>El programa cumple con los lineamientos t\u00e9cnicos de la atenci\u00f3n integral a la primera infancia. La presentaci\u00f3n se cumpli\u00f3 en el Centro de Desarrollo Infantil (CDI) y cont\u00f3 con la asistencia de los secretarios de Educaci\u00f3n, Gobierno e Infraestructura, madres comunitarias y ni\u00f1os beneficiados.<\/p>\n<p><strong>Foto: PRENSA ALCALD\u00cdA<\/strong><\/p>\n<p>&nbsp;<\/p>\n<p>&nbsp; <\/p>\n","protected":false},"excerpt":{"rendered":"<p>C\u00daCUTA.- La Secretar\u00eda de Educaci\u00f3n Municipal present\u00f3 el programa \u2018S\u00ed a la Infancia\u2019, con el que beneficiar\u00e1 a m\u00e1s de 5000 ni\u00f1os y adolescentes de la ciudad. El nuevo espacio es una apuesta de la Alcald\u00eda de C\u00facuta en alianza con el Instituto Colombiano de Bienestar Familiar. El prop\u00f3sito es ofrecerles atenci\u00f3n integral a m\u00e1s &hellip;<\/p>\n","protected":false},"author":1,"featured_media":28906,"comment_status":"open","ping_status":"open","sticky":false,"template":"","format":"standard","meta":{"footnotes":""},"categories":[2625],"tags":[226,3202],"class_list":["post-28905","post","type-post","status-publish","format-standard","has-post-thumbnail","hentry","category-alcaldia-de-cucuta","tag-alcaldia-de-cucuta","tag-secretaria-de-educacion-municipal"],"_links":{"self":[{"href":"https:\/\/contraluzcucuta.co\/index.php?rest_route=\/wp\/v2\/posts\/28905","targetHints":{"allow":["GET"]}}],"collection":[{"href":"https:\/\/contraluzcucuta.co\/index.php?rest_route=\/wp\/v2\/posts"}],"about":[{"href":"https:\/\/contraluzcucuta.co\/index.php?rest_route=\/wp\/v2\/types\/post"}],"author":[{"embeddable":true,"href":"https:\/\/contraluzcucuta.co\/index.php?rest_route=\/wp\/v2\/users\/1"}],"replies":[{"embeddable":true,"href":"https:\/\/contraluzcucuta.co\/index.php?rest_route=%2Fwp%2Fv2%2Fcomments&post=28905"}],"version-history":[{"count":1,"href":"https:\/\/contraluzcucuta.co\/index.php?rest_route=\/wp\/v2\/posts\/28905\/revisions"}],"predecessor-version":[{"id":28907,"href":"https:\/\/contraluzcucuta.co\/index.php?rest_route=\/wp\/v2\/posts\/28905\/revisions\/28907"}],"wp:featuredmedia":[{"embeddable":true,"href":"https:\/\/contraluzcucuta.co\/index.php?rest_route=\/wp\/v2\/media\/28906"}],"wp:attachment":[{"href":"https:\/\/contraluzcucuta.co\/index.php?rest_route=%2Fwp%2Fv2%2Fmedia&parent=28905"}],"wp:term":[{"taxonomy":"category","embeddable":true,"href":"https:\/\/contraluzcucuta.co\/index.php?rest_route=%2Fwp%2Fv2%2Fcategories&post=28905"},{"taxonomy":"post_tag","embeddable":true,"href":"https:\/\/contraluzcucuta.co\/index.php?rest_route=%2Fwp%2Fv2%2Ftags&post=28905"}],"curies":[{"name":"wp","href":"https:\/\/api.w.org\/{rel}","templated":true}]}}