{"id":28900,"date":"2016-12-16T16:33:37","date_gmt":"2016-12-16T21:33:37","guid":{"rendered":"http:\/\/contraluzcucuta.co\/?p=28900"},"modified":"2016-12-16T16:33:37","modified_gmt":"2016-12-16T21:33:37","slug":"caravana-navidena-villancicos-y-regalos-en-cucuta-los-patios-y-villa-del-rosario","status":"publish","type":"post","link":"https:\/\/contraluzcucuta.co\/?p=28900","title":{"rendered":"CARAVANA NAVIDE\u00d1A. \u00a0Villancicos y regalos, en C\u00facuta, Los Patios y Villa del Rosario"},"content":{"rendered":"<p><strong>C\u00daCUTA.-<\/strong> La \u2018Caravana Navide\u00f1a\u2019 inici\u00f3 el recorrido por diferentes sectores de C\u00facuta, Los Patios y Villa del Rosario, para llevar alegr\u00eda y recomendaciones de seguridad.\u00a0 La iniciativa institucional busca fortalecer el rescate de la tradici\u00f3n y llevarles mensajes a los habitantes \u00a0durante la celebraci\u00f3n de la \u2018Novena de Aguinaldos\u2019.<\/p>\n<p>El recorrido de la \u2018Caravana Navide\u00f1a\u2019, que contar\u00e1 con el pesebre m\u00f3vil, ser\u00e1 el siguiente:<\/p>\n<p>1.- S\u00e1bado. Las Cumbres, El Salado, la urbanizaci\u00f3n Panamericana, Los Alpes, Motilones y Cormoranes (Ciudadela Juan Atalaya), en C\u00facuta.<\/p>\n<p>2.- Domingo. Aniversario II, Camilo Torres y Pueblo Nuevo (Ciudadela La Libertad), en C\u00facuta.<\/p>\n<p>3.- Lunes. San Mart\u00edn y Aniversario.<\/p>\n<p>4.- Martes. El Contento y la glorieta del Cementerio Central.<\/p>\n<p>5.- Mi\u00e9rcoles. Los Patios.<\/p>\n<p>6.- Jueves. El Callej\u00f3n (C\u00facuta).<\/p>\n<p>7.- Viernes. Villa del Rosario.<\/p>\n<p>8.- S\u00e1bado. En el barrio ganador del concurso de la emisora 88.7 FM St\u00e9reo de la Polic\u00eda Metropolitana. Se tendr\u00e1n como referencia varios aspectos, entre ellos la cuadra m\u00e1s solidaria, la m\u00e1s creativa y otras actividades propias de esta temporada decembrina.<\/p>\n<p>La Polic\u00eda Metropolitana de C\u00facuta invit\u00f3 a la comunidad para que en familia celebre las fechas especiales, no haga uso de la p\u00f3lvora y no permita que los ni\u00f1os tengan contacto con elementos que representan peligro para la integridad personal.<\/p>\n<p>En desarrollo del plan \u2018Por una Navidad Segura y en Paz\u2019 se desarrollan acciones preventivas y de control para garantizar la tranquilidad y la seguridad de los habitantes de la zona de frontera.<\/p>\n<p><strong>Foto: PRENSA MECUC<\/strong><\/p>\n<p>&nbsp; <\/p>\n","protected":false},"excerpt":{"rendered":"<p>C\u00daCUTA.- La \u2018Caravana Navide\u00f1a\u2019 inici\u00f3 el recorrido por diferentes sectores de C\u00facuta, Los Patios y Villa del Rosario, para llevar alegr\u00eda y recomendaciones de seguridad.\u00a0 La iniciativa institucional busca fortalecer el rescate de la tradici\u00f3n y llevarles mensajes a los habitantes \u00a0durante la celebraci\u00f3n de la \u2018Novena de Aguinaldos\u2019. El recorrido de la \u2018Caravana Navide\u00f1a\u2019, &hellip;<\/p>\n","protected":false},"author":1,"featured_media":28901,"comment_status":"open","ping_status":"open","sticky":false,"template":"","format":"standard","meta":{"footnotes":""},"categories":[11,4],"tags":[3402,323,163],"class_list":["post-28900","post","type-post","status-publish","format-standard","has-post-thumbnail","hentry","category-cronica-roja","category-barra","tag-caravana-navidena","tag-mecuc","tag-policia-metropolitana"],"_links":{"self":[{"href":"https:\/\/contraluzcucuta.co\/index.php?rest_route=\/wp\/v2\/posts\/28900","targetHints":{"allow":["GET"]}}],"collection":[{"href":"https:\/\/contraluzcucuta.co\/index.php?rest_route=\/wp\/v2\/posts"}],"about":[{"href":"https:\/\/contraluzcucuta.co\/index.php?rest_route=\/wp\/v2\/types\/post"}],"author":[{"embeddable":true,"href":"https:\/\/contraluzcucuta.co\/index.php?rest_route=\/wp\/v2\/users\/1"}],"replies":[{"embeddable":true,"href":"https:\/\/contraluzcucuta.co\/index.php?rest_route=%2Fwp%2Fv2%2Fcomments&post=28900"}],"version-history":[{"count":1,"href":"https:\/\/contraluzcucuta.co\/index.php?rest_route=\/wp\/v2\/posts\/28900\/revisions"}],"predecessor-version":[{"id":28902,"href":"https:\/\/contraluzcucuta.co\/index.php?rest_route=\/wp\/v2\/posts\/28900\/revisions\/28902"}],"wp:featuredmedia":[{"embeddable":true,"href":"https:\/\/contraluzcucuta.co\/index.php?rest_route=\/wp\/v2\/media\/28901"}],"wp:attachment":[{"href":"https:\/\/contraluzcucuta.co\/index.php?rest_route=%2Fwp%2Fv2%2Fmedia&parent=28900"}],"wp:term":[{"taxonomy":"category","embeddable":true,"href":"https:\/\/contraluzcucuta.co\/index.php?rest_route=%2Fwp%2Fv2%2Fcategories&post=28900"},{"taxonomy":"post_tag","embeddable":true,"href":"https:\/\/contraluzcucuta.co\/index.php?rest_route=%2Fwp%2Fv2%2Ftags&post=28900"}],"curies":[{"name":"wp","href":"https:\/\/api.w.org\/{rel}","templated":true}]}}