{"id":28896,"date":"2016-12-13T22:52:55","date_gmt":"2016-12-14T03:52:55","guid":{"rendered":"http:\/\/contraluzcucuta.co\/?p=28896"},"modified":"2016-12-13T22:52:55","modified_gmt":"2016-12-14T03:52:55","slug":"unipamplona-primera-feria-de-musica-colombiana","status":"publish","type":"post","link":"https:\/\/contraluzcucuta.co\/?p=28896","title":{"rendered":"UNIPAMPLONA. Primera feria de m\u00fasica colombiana"},"content":{"rendered":"<p><strong>PAMPLONA \u2013 Norte de Santander<\/strong>.- En La Casona se llev\u00f3 a cabo la muestra de m\u00fasica colombiana, desarrollada por docentes y estudiantes del programa de M\u00fasica de la Universidad de Pamplona. El fin era resaltar las tradiciones culturales, la importancia del folclor nacional y la influencia en la idiosincrasia de cada regi\u00f3n.<\/p>\n<p>La actividad fue pensada como un evento-taller para mostrar las manifestaciones culturales de cada regi\u00f3n que conforman el pa\u00eds. Participaron 180 estudiantes, que mostraron la riqueza cultural de los lugares de origen por medio de la m\u00fasica y otros elementos que los identifican.<\/p>\n<p>En cada local se encontraron, seg\u00fan la regi\u00f3n que representaba, muestras de gastronom\u00eda, vestuario, agricultura, costumbres, danzas y m\u00fasica interpretada en vivo.<\/p>\n<p>\u201cSomos una universidad con una gran diversidad cultural. Tenemos estudiantes de todas las regiones del pa\u00eds, hay muchos de los Llanos Orientales, regi\u00f3n pac\u00edfica, atl\u00e1ntica, insular, amazonia y zona andina\u201d, explic\u00f3 el docente Edgar Contreras. La variedad permite conocer de cerca c\u00f3mo se viven la m\u00fasica y la cultura en cada rinc\u00f3n de la geograf\u00eda nacional.<\/p>\n<p>Durante el evento se ofreci\u00f3 un concierto por parte de la Banda Sinf\u00f3nica, dirigida por el maestro Jaime Chaparro. Interpret\u00f3 \u00a0m\u00fasica acad\u00e9mica de todas las regiones; tambi\u00e9n, se desarroll\u00f3 la muestra de m\u00fasica andina, carranga, vallenato, pasillos, bambucos y m\u00fasica de la regi\u00f3n insular, que al ritmo de las notas dieron el inicio a la primera versi\u00f3n de la feria.<\/p>\n<p>\u201cEsperamos seguir con este evento, semestre a semestre\u201d, dijo Contreras. La primera versi\u00f3n marca un punto de partida para que los estudiantes muestren las regiones por medio de la riqueza musical y de esa manera homenajear a la tierra que los vio nacer.<\/p>\n<p><strong>Foto: PRENSA UNIPAMPLONA<\/strong><\/p>\n<p>&nbsp; <\/p>\n","protected":false},"excerpt":{"rendered":"<p>PAMPLONA \u2013 Norte de Santander.- En La Casona se llev\u00f3 a cabo la muestra de m\u00fasica colombiana, desarrollada por docentes y estudiantes del programa de M\u00fasica de la Universidad de Pamplona. El fin era resaltar las tradiciones culturales, la importancia del folclor nacional y la influencia en la idiosincrasia de cada regi\u00f3n. La actividad fue &hellip;<\/p>\n","protected":false},"author":1,"featured_media":28897,"comment_status":"open","ping_status":"open","sticky":false,"template":"","format":"standard","meta":{"footnotes":""},"categories":[74],"tags":[2597,161],"class_list":["post-28896","post","type-post","status-publish","format-standard","has-post-thumbnail","hentry","category-aula-universitaria","tag-aula-universitaria","tag-universidad-de-pamplona"],"_links":{"self":[{"href":"https:\/\/contraluzcucuta.co\/index.php?rest_route=\/wp\/v2\/posts\/28896","targetHints":{"allow":["GET"]}}],"collection":[{"href":"https:\/\/contraluzcucuta.co\/index.php?rest_route=\/wp\/v2\/posts"}],"about":[{"href":"https:\/\/contraluzcucuta.co\/index.php?rest_route=\/wp\/v2\/types\/post"}],"author":[{"embeddable":true,"href":"https:\/\/contraluzcucuta.co\/index.php?rest_route=\/wp\/v2\/users\/1"}],"replies":[{"embeddable":true,"href":"https:\/\/contraluzcucuta.co\/index.php?rest_route=%2Fwp%2Fv2%2Fcomments&post=28896"}],"version-history":[{"count":1,"href":"https:\/\/contraluzcucuta.co\/index.php?rest_route=\/wp\/v2\/posts\/28896\/revisions"}],"predecessor-version":[{"id":28898,"href":"https:\/\/contraluzcucuta.co\/index.php?rest_route=\/wp\/v2\/posts\/28896\/revisions\/28898"}],"wp:featuredmedia":[{"embeddable":true,"href":"https:\/\/contraluzcucuta.co\/index.php?rest_route=\/wp\/v2\/media\/28897"}],"wp:attachment":[{"href":"https:\/\/contraluzcucuta.co\/index.php?rest_route=%2Fwp%2Fv2%2Fmedia&parent=28896"}],"wp:term":[{"taxonomy":"category","embeddable":true,"href":"https:\/\/contraluzcucuta.co\/index.php?rest_route=%2Fwp%2Fv2%2Fcategories&post=28896"},{"taxonomy":"post_tag","embeddable":true,"href":"https:\/\/contraluzcucuta.co\/index.php?rest_route=%2Fwp%2Fv2%2Ftags&post=28896"}],"curies":[{"name":"wp","href":"https:\/\/api.w.org\/{rel}","templated":true}]}}