{"id":28893,"date":"2016-12-13T22:34:02","date_gmt":"2016-12-14T03:34:02","guid":{"rendered":"http:\/\/contraluzcucuta.co\/?p=28893"},"modified":"2016-12-13T23:02:34","modified_gmt":"2016-12-14T04:02:34","slug":"reportaje-el-renacimiento-del-parque-lineal","status":"publish","type":"post","link":"https:\/\/contraluzcucuta.co\/?p=28893","title":{"rendered":"REPORTAJE. El renacimiento del parque lineal  \u00a0"},"content":{"rendered":"<p><strong>C\u00daCUTA.-<\/strong> El parque Lineal, en el centro de C\u00facuta, despierta con el primer rayo de sol y deja ver los abundantes \u00e1rboles, en los que los pajaritos cantan con armon\u00eda, los andenes sucios por los desperdicios de quienes habitan all\u00ed y las botellas de alcohol que dejan rastro de una noche que pas\u00f3. Se siente el olor a cigarrillo o a una sustancia psicoactiva, consumidos para mitigar el fr\u00edo nocturno.<\/p>\n<p>Los habitantes de calle convirtieron el sito en hogar y se apoderaron mediante la intimidaci\u00f3n a quienes transitar por ah\u00ed. El parque, construido hace casi una d\u00e9cada, estaba abandonado y lleno de maleza. Despu\u00e9s de un tiempo, entr\u00f3 en proceso de recuperaci\u00f3n para la vida. Por a\u00f1os, el municipio ha so\u00f1ado con avanzar en el mejoramiento de los alrededores.<\/p>\n<p>Todo comenz\u00f3 en 2004, con la primera propuesta de construcci\u00f3n de obras que ayudaron a cambiar el aspecto. Puentes, edificios y centros comerciales llamaron la atenci\u00f3n de los cucute\u00f1os y por esa raz\u00f3n se propuso el Plan de Desarrollo Municipal (PDM) 2016-2019, centrado en cumplir la mayor parte de los objetivos del milenio.<\/p>\n<p>En el Plan aparece la iniciativa de construir 29 mega obras y los beneficiados ser\u00e1n los parques del municipio. As\u00ed se lograr\u00e1 la recuperaci\u00f3n de sectores en deterioro por los a\u00f1os y por el olvido de los encargados del mantenimiento. \u00a0Entre esos parques se encuentra el Lineal. El proyecto inicia con el desalojamiento de los habitantes de calle, despu\u00e9s la decoraci\u00f3n de los \u00e1rboles para mejorar el aspecto y luego pintar murales llenos de vida y color, por parte del IMRD.<\/p>\n<p>En el PDM, para el parque, se tienen contempladas inversiones cercanas a los $ 50.000 millones y hacen parte de las megaobras. La meta de la administraci\u00f3n municipal es transformar este espacio en un parque que conecte con el Canal Bogot\u00e1, y que tambi\u00e9n sirva para la comunidad, que ni\u00f1os y adultos jueguen y disfruten con las m\u00e1s biosaludables que se instalar\u00e1n.<\/p>\n<p>El proyecto Tejido Urbano hace parte de las ideas para renovaci\u00f3n del Lineal. Es una iniciativa de la comunidad para el embellecimiento del espacio p\u00fablico y consiste en el revestimiento del tronco con lana en colores llamativos que no afectan el \u00e1rbol y que crean un ambiente agradable.<\/p>\n<p>C\u00facuta es conocida como \u2018La Cuidad de los \u00c1rboles\u2019, por eso la Alcald\u00eda, algunas entidades privadas y la comunidad quieren resaltar las zonas verdes. La ejecuci\u00f3n es transversal, participan las secretar\u00edas de Gobierno y Planeaci\u00f3n, y la subsecretaria de Ambiente. Esperan que se sumen las empresas locales para hacer de estos lugares espacios agradables.<\/p>\n<p>\u201cQueremos recuperar este pulm\u00f3n de la ciudad\u201d, dijo el alcalde C\u00e9sar Rojas. \u201cSe pretende reubicar a los vendedores para que contin\u00faen su actividad en un lugar propicio, bajo directrices de la secretar\u00eda de Gobierno\u201d.<\/p>\n<p>J\u00f3venes de los movimientos juveniles de El Zulia y la Ciudadela la Libertad, un d\u00eda a la semana, cumplen la misi\u00f3n del \u2018Aguapanelazo\u2019. Ofrecen a los habitantes de calle agua de panela con pan, comparten, los abrazan y oran porque encuentren mejores oportunidades de vida. Los cucute\u00f1os, al o\u00edr el nombre, Parque Lineal, lo asocian despectivamente como \u2018El parque de los locos\u2019, debido a la cantidad de hombres y mujeres en condici\u00f3n de indigencia que viven all\u00ed. El lugar ocupa el espacio que por muchos a\u00f1os perteneci\u00f3 al mercado central de C\u00facuta, La Sexta. El coraz\u00f3n de la ciudad queda a pocos metros, por lo que deber\u00eda ser considerado de tipo tur\u00edstico.<\/p>\n<p>La comunidad podr\u00eda frecuentarlo sin miedo, con acompa\u00f1amiento de la polic\u00eda. Pero la realidad es que la presencia de los uniformados solo es para vigilar que el comercio informal no se apodere del lugar.<\/p>\n<p>Aunque no se han visto grandes avances, los vendedores que pasan la mayor parte del tiempo ah\u00ed, dicen que con la pintada de los \u00e1rboles cambi\u00f3 la imagen y la zona dej\u00f3 de verse abandonada. Entre tanto, los desvalidos mantienen la esperanza que alg\u00fan d\u00eda, desde el gobierno municipal, les cumplan lo prometido para mejorar el parque.<\/p>\n<p><strong>ANG\u00c9LICA SALAZAR &#8211; LILIANA MENDOZA <\/strong><\/p>\n<p><strong>Estudiantes de Comunicaci\u00f3n Social<\/strong><\/p>\n<p><strong>Universidad de Pamplona<\/strong><\/p>\n<p><strong>Campus de Villa del Rosario<\/strong><\/p>\n<p><strong>Foto: Especial para <a href=\"http:\/\/www.contraluzcucuta.co\">www.contraluzcucuta.co<\/a><\/strong><\/p>\n<p><strong>\u00a0<\/strong> <\/p>\n","protected":false},"excerpt":{"rendered":"<p>C\u00daCUTA.- El parque Lineal, en el centro de C\u00facuta, despierta con el primer rayo de sol y deja ver los abundantes \u00e1rboles, en los que los pajaritos cantan con armon\u00eda, los andenes sucios por los desperdicios de quienes habitan all\u00ed y las botellas de alcohol que dejan rastro de una noche que pas\u00f3. Se siente &hellip;<\/p>\n","protected":false},"author":1,"featured_media":28894,"comment_status":"open","ping_status":"open","sticky":false,"template":"","format":"standard","meta":{"footnotes":""},"categories":[45,4],"tags":[2597,2385,161],"class_list":["post-28893","post","type-post","status-publish","format-standard","has-post-thumbnail","hentry","category-destacado","category-barra","tag-aula-universitaria","tag-parque-lineal-de-cucuta","tag-universidad-de-pamplona"],"_links":{"self":[{"href":"https:\/\/contraluzcucuta.co\/index.php?rest_route=\/wp\/v2\/posts\/28893","targetHints":{"allow":["GET"]}}],"collection":[{"href":"https:\/\/contraluzcucuta.co\/index.php?rest_route=\/wp\/v2\/posts"}],"about":[{"href":"https:\/\/contraluzcucuta.co\/index.php?rest_route=\/wp\/v2\/types\/post"}],"author":[{"embeddable":true,"href":"https:\/\/contraluzcucuta.co\/index.php?rest_route=\/wp\/v2\/users\/1"}],"replies":[{"embeddable":true,"href":"https:\/\/contraluzcucuta.co\/index.php?rest_route=%2Fwp%2Fv2%2Fcomments&post=28893"}],"version-history":[{"count":1,"href":"https:\/\/contraluzcucuta.co\/index.php?rest_route=\/wp\/v2\/posts\/28893\/revisions"}],"predecessor-version":[{"id":28895,"href":"https:\/\/contraluzcucuta.co\/index.php?rest_route=\/wp\/v2\/posts\/28893\/revisions\/28895"}],"wp:featuredmedia":[{"embeddable":true,"href":"https:\/\/contraluzcucuta.co\/index.php?rest_route=\/wp\/v2\/media\/28894"}],"wp:attachment":[{"href":"https:\/\/contraluzcucuta.co\/index.php?rest_route=%2Fwp%2Fv2%2Fmedia&parent=28893"}],"wp:term":[{"taxonomy":"category","embeddable":true,"href":"https:\/\/contraluzcucuta.co\/index.php?rest_route=%2Fwp%2Fv2%2Fcategories&post=28893"},{"taxonomy":"post_tag","embeddable":true,"href":"https:\/\/contraluzcucuta.co\/index.php?rest_route=%2Fwp%2Fv2%2Ftags&post=28893"}],"curies":[{"name":"wp","href":"https:\/\/api.w.org\/{rel}","templated":true}]}}