{"id":28887,"date":"2016-12-13T21:37:09","date_gmt":"2016-12-14T02:37:09","guid":{"rendered":"http:\/\/contraluzcucuta.co\/?p=28887"},"modified":"2016-12-13T21:37:09","modified_gmt":"2016-12-14T02:37:09","slug":"atalaya-rojinegra-aguante-violencia","status":"publish","type":"post","link":"https:\/\/contraluzcucuta.co\/?p=28887","title":{"rendered":"ATALAYA ROJINEGRA. \u201c+ aguante \u2013 violencia\u201d"},"content":{"rendered":"<p><strong>C\u00daCUTA.-<\/strong> Es medio d\u00eda y el cielo est\u00e1\u00a0 lleno de nubarrones; el sol no apareci\u00f3 en la Ciudadela Juan Atalaya. A pesar del amague de lluvia ah\u00ed est\u00e1\u00a0 Luis Albeiro Pedraza, \u2018El Cela\u2019, s\u00edmbolo del hincha fiel en las buenas y en las malas, hombre que siente la pasi\u00f3n por el C\u00facuta Deportivo.\u00a0 Lleva peluca a lo Leonel\u00a0 \u00c1lvarez para cubrir el cabello y se refresca con un vaso de sangr\u00eda. Imagina c\u00f3mo mostrar que por las venas corre sangre roja y negra. Est\u00e1 decidido a hacer lo que lo apasiona, dibujar algo alusivo al equipo que lo vio crecer.<\/p>\n<p>Gabriel es integrante de la Banda del Indio y al acercarse al pintor escucha una voz aguda que lo increpa, \u201cac\u00e1 el que llega debe cooperar\u201c. Sentencia que recay\u00f3 en cinco compa\u00f1eros, tambi\u00e9n dispuestos a aportar al arte.<\/p>\n<p>El ruido ensordecedor de autos y motocicletas que transitan por la Primera Etapa de Atalaya hace propicio el momento para que la prioridad sea trabajar. Pintura blanca, brochas y un grupo de visionarios que con tes\u00f3n\u00a0 no dudan\u00a0 en apoyar al equipo, a pesar del presente gris como el mismo cielo cucute\u00f1o.<\/p>\n<p>El di\u00e1logo se torna tenue al pronunciar la frase \u201cel man\u00a0 nos acab\u00f3 el equipo\u201d. \u2018El Cela\u2019 aligera un sorbo de cerveza y la mirada queda perdida al lamentar que al C\u00facuta Deportivo lo hubieran trasladado a Zipaquir\u00e1, para jugar la temporada 2017. Lo triste del caso es que hasta el momento no ha habido avance en la negociaci\u00f3n para evitar que esa amenaza se convierta en realidad.<\/p>\n<p>El gobernador\u00a0 William Villamizar prohibi\u00f3 al once motil\u00f3n hacer uso del\u00a0 estadio General Santander. La negativa provoc\u00f3 la reacci\u00f3n del socio mayoritario del club. Jos\u00e9 Augusto Cadena tom\u00f3 la decisi\u00f3n de llevarse\u00a0 la ficha a otra ciudad. Todo esto, a escasos d\u00edas de la celebraci\u00f3n de los 10 a\u00f1os de la \u00fanica estrella en el f\u00fatbol profesional colombiano.<\/p>\n<p>\u201cQueremos que Atalaya se vista de rojinegro\u201d repet\u00edan los \u2018indios\u2019 ante la mirada inquieta de los transe\u00fantes, que esperaban\u00a0 ver finalizado el mural. A las 6:30 de la tarde, los muchachos, agotados pero contentos, estaban por dar terminada la jornada. La ciudadela tendr\u00e1 que ver con este mensaje y el hincha fiel lo recibir\u00e1 como est\u00edmulo a la pasi\u00f3n motilona.<\/p>\n<p>Por fin se dio la \u00faltima pincelada. Otro trago de sangr\u00eda y un nuevo sorbo de cerveza. El rostro de los miembros de \u2018La gloriosa banda rojinegra\u2019 reflejaba esperanza, esa que quieren trasmitir a los simpatizantes del cuadro fronterizo que han pensado apoyar otros colores. La noche cae y ah\u00ed est\u00e1n, leales a ese amor por los distintivos locales.<\/p>\n<p>En alg\u00fan momento fueron promotores del \u2018Aguante zapatero\u2019 (aguante hambre y gaste zapatos), t\u00e9rmino que adoptaron en el tiempo que viajaban a pesar de los riesgos en carretera. Ahora, le apuestan al \u2018barrismo social\u2019, que se resume en una frase: \u201c+ aguante \u2013 violencia\u201d. Y al presidente del club le pintaron el mensaje claro y contundente, que resume el sentir rojinegro: \u201cCadena: tus bolsillos llenos. Nuestra ilusi\u00f3n vac\u00eda\u201d.<\/p>\n<p><strong>HAROLD SIERRA<\/strong><\/p>\n<p><strong>Foto: Especial para <a href=\"http:\/\/www.contraluzcucuta.co\">www.contraluzcucuta.co<\/a><\/strong><\/p>\n<p>&nbsp;<\/p>\n<p>&nbsp; <\/p>\n","protected":false},"excerpt":{"rendered":"<p>C\u00daCUTA.- Es medio d\u00eda y el cielo est\u00e1\u00a0 lleno de nubarrones; el sol no apareci\u00f3 en la Ciudadela Juan Atalaya. A pesar del amague de lluvia ah\u00ed est\u00e1\u00a0 Luis Albeiro Pedraza, \u2018El Cela\u2019, s\u00edmbolo del hincha fiel en las buenas y en las malas, hombre que siente la pasi\u00f3n por el C\u00facuta Deportivo.\u00a0 Lleva peluca &hellip;<\/p>\n","protected":false},"author":1,"featured_media":28888,"comment_status":"open","ping_status":"open","sticky":false,"template":"","format":"standard","meta":{"footnotes":""},"categories":[4,28],"tags":[3401,2628,2509,1763],"class_list":["post-28887","post","type-post","status-publish","format-standard","has-post-thumbnail","hentry","category-barra","category-vistazo-deportivo","tag-aguante-rojinegro","tag-cucuta-deportivo-2016","tag-jose-augusto-cadena","tag-la-banda-del-indio"],"_links":{"self":[{"href":"https:\/\/contraluzcucuta.co\/index.php?rest_route=\/wp\/v2\/posts\/28887","targetHints":{"allow":["GET"]}}],"collection":[{"href":"https:\/\/contraluzcucuta.co\/index.php?rest_route=\/wp\/v2\/posts"}],"about":[{"href":"https:\/\/contraluzcucuta.co\/index.php?rest_route=\/wp\/v2\/types\/post"}],"author":[{"embeddable":true,"href":"https:\/\/contraluzcucuta.co\/index.php?rest_route=\/wp\/v2\/users\/1"}],"replies":[{"embeddable":true,"href":"https:\/\/contraluzcucuta.co\/index.php?rest_route=%2Fwp%2Fv2%2Fcomments&post=28887"}],"version-history":[{"count":1,"href":"https:\/\/contraluzcucuta.co\/index.php?rest_route=\/wp\/v2\/posts\/28887\/revisions"}],"predecessor-version":[{"id":28889,"href":"https:\/\/contraluzcucuta.co\/index.php?rest_route=\/wp\/v2\/posts\/28887\/revisions\/28889"}],"wp:featuredmedia":[{"embeddable":true,"href":"https:\/\/contraluzcucuta.co\/index.php?rest_route=\/wp\/v2\/media\/28888"}],"wp:attachment":[{"href":"https:\/\/contraluzcucuta.co\/index.php?rest_route=%2Fwp%2Fv2%2Fmedia&parent=28887"}],"wp:term":[{"taxonomy":"category","embeddable":true,"href":"https:\/\/contraluzcucuta.co\/index.php?rest_route=%2Fwp%2Fv2%2Fcategories&post=28887"},{"taxonomy":"post_tag","embeddable":true,"href":"https:\/\/contraluzcucuta.co\/index.php?rest_route=%2Fwp%2Fv2%2Ftags&post=28887"}],"curies":[{"name":"wp","href":"https:\/\/api.w.org\/{rel}","templated":true}]}}