{"id":28855,"date":"2016-12-08T14:46:06","date_gmt":"2016-12-08T19:46:06","guid":{"rendered":"http:\/\/contraluzcucuta.co\/?p=28855"},"modified":"2016-12-08T14:46:06","modified_gmt":"2016-12-08T19:46:06","slug":"perfil-hipo-gobernante-ecuatoriano-en-cucuta","status":"publish","type":"post","link":"https:\/\/contraluzcucuta.co\/?p=28855","title":{"rendered":"PERFIL. \u2018Hipo\u2019, gobernante ecuatoriano en C\u00facuta"},"content":{"rendered":"<p><strong>C\u00daCUTA.-<\/strong> La comunidad ind\u00edgena del Ecuador es conocida por el esp\u00edritu\u00a0 viajero, lo que ellos consideran que es virtud positiva. Las artesan\u00edas, la m\u00fasica y la vestimenta han hecho que sean punto de atenci\u00f3n en donde llegan. A un miembro de esta comunidad le llam\u00f3 la atenci\u00f3n darse a conocer y tener un lugar en la pol\u00edtica de Colombia.<\/p>\n<p>Seraf\u00edn Hipos, el gobernador de los ind\u00edgenas o cabildo, desea que la comunidad ecuatoriana sea tomada en cuenta y que pueda tener beneficios. Naci\u00f3 el 20 de diciembre de 1962 en la provincia de Chimborazo (Riobamba Cantoncancha). La formaci\u00f3n acad\u00e9mica es escasa, solo tiene primero de primaria.<\/p>\n<p>Desde los 9 a\u00f1os, Seraf\u00edn empez\u00f3 los viajes por el interior del Ecuador, llev\u00e1ndolo a varios pueblos. En 1985, con 22 a\u00f1os, tom\u00f3 las maletas y comenz\u00f3 la traves\u00eda por Colombia. La primera parada fue en Cali, donde la salsa y las empanadas vallunas lo entretuvieron por 7 a\u00f1os. De ah\u00ed decidi\u00f3 emprender un viaje de 24 horas, en bus, hacia \u00a0C\u00facuta. Han pasado 25 a\u00f1os.<\/p>\n<p>\u2018Hipo\u2019 no rompi\u00f3 la tradici\u00f3n ancestral y se cas\u00f3 con una mujer de la comunidad riobambe\u00f1a. Tienen seis hijos, tres hombres y tres mujeres, cinco permanecen en Colombia, la restante vive en la provincia de Ambato, termina estudios de medicina. Est\u00e1 separado y lo lamenta, porque la soledad es la \u00fanica compa\u00f1\u00eda que tiene. Los hijos tienen familias formadas.<\/p>\n<p>Seraf\u00edn se caracteriza por ser un ecuatoriano arriesgado, t\u00edpico en ellos, y los ha llevado a no quedarse en un lado, a explotar la creatividad de la mejor manera, a elaborar collares y prendas artesanales, lo que les permite ser el centro de atenci\u00f3n en cualquier lugar.<\/p>\n<p>\u2018Hipo\u2019 incursion\u00f3 en los negocio y en C\u00facuta tiene varios locales en los que vende chaquetas, su\u00e9teres y prendas para el frio. Es un rinconcito de Ecuador en la capital de Norte de Santander. Se mantiene en el comercio a pesar del duro momento econ\u00f3mico que afronta este lado fronterizo con Venezuela. Seraf\u00edn le resta importancia y cree que es algo temporal, no permanente.<\/p>\n<p>El ecuatoriano lleva cabellera larga, que lo hace ver diferente. \u2018Hipo\u2019, en cambio, no la lleva. Es herencia de la provincia de donde es oriundo. All\u00e1, es normal y com\u00fan tener el pelo corto. Admira a los ind\u00edgenas de Imbabura, porque no pierden la cultura en el f\u00edsico y en la vestimenta con alpargatas y anacos para las mujeres, y alpargatas, sombrero y poncho para los hombres.<\/p>\n<p>El 4 de febrero del 2008, la comunidad Pucara Quinche rindi\u00f3 homenaje a Seraf\u00edn Hipos por el alto esp\u00edritu de colaboraci\u00f3n y la calidad humana demostrada a\u00f1o tras a\u00f1o, en beneficio de los ecuatorianos residentes en Colombia.<\/p>\n<p>El pensamiento de Seraf\u00edn sobre el l\u00edmite fronterizo es que no deber\u00eda existir, porque Sudam\u00e9rica es uno solo. A pesar de que los estudios son escasos conoce la historia de los espa\u00f1oles y la llegada de Crist\u00f3bal Col\u00f3n. Los pasos fronterizos los considera absurdos, pues \u201ctodos somos ind\u00edgenas y todos provenimos de alguna comunidad o etnia como tal\u201d.<\/p>\n<p>Seraf\u00edn entristece el semblante y cree que el habitante de este continente se siente avergonzando de que lo denominen ind\u00edgena. Su mayor impulso es sentirse orgulloso de serlo y que la familia y los paisanos luchen porque el legado no se pierda.<\/p>\n<p>El 17 de noviembre del 2015, \u2018Hipo\u2019 legaliz\u00f3 en C\u00facuta a la Asociaci\u00f3n Naci\u00f3n Kichwa. El acto se cumpli\u00f3 en la Alcald\u00eda. As\u00ed se reconocieron 50 a\u00f1os de presencia de los Kichwas en la ciudad. Es el segundo cabildo ind\u00edgena legalmente constituido y esto los ayudar\u00e1 a tener derechos en salud, vivienda y otros servicios, como sucede con los colombianos. Ese fue \u00a0el paso inicial para la proyecci\u00f3n de la familia ind\u00edgena ecuatoriana.<\/p>\n<p>Hipos mantendr\u00e1 el trabajo por hacer cumplir los derechos de los kichwa y facilitar que acepten su origen en Colombia, Bolivia, Per\u00fa y dem\u00e1s pa\u00edses de Sudam\u00e9rica. Ese es el sue\u00f1o de Seraf\u00edn Hipos.<\/p>\n<p><strong>V\u00cdCTOR Z\u00da\u00d1IGA<\/strong><\/p>\n<p><strong>Estudiante de Comunicaci\u00f3n Social<\/strong><\/p>\n<p><strong>Universidad de Pamplona<\/strong><\/p>\n<p><strong>Campus de Villa del Rosario<\/strong><\/p>\n<p><strong>Foto: Especial para <a href=\"http:\/\/WWW.CONTRALUZCUCUTA.CO\">www.contraluzcucuta.co<\/a><\/strong><\/p>\n<p><strong>\u00a0<\/strong> <\/p>\n","protected":false},"excerpt":{"rendered":"<p>C\u00daCUTA.- La comunidad ind\u00edgena del Ecuador es conocida por el esp\u00edritu\u00a0 viajero, lo que ellos consideran que es virtud positiva. Las artesan\u00edas, la m\u00fasica y la vestimenta han hecho que sean punto de atenci\u00f3n en donde llegan. A un miembro de esta comunidad le llam\u00f3 la atenci\u00f3n darse a conocer y tener un lugar en &hellip;<\/p>\n","protected":false},"author":1,"featured_media":28856,"comment_status":"open","ping_status":"open","sticky":false,"template":"","format":"standard","meta":{"footnotes":""},"categories":[17,4],"tags":[2597,161],"class_list":["post-28855","post","type-post","status-publish","format-standard","has-post-thumbnail","hentry","category-conversaciones-a-contraluz","category-barra","tag-aula-universitaria","tag-universidad-de-pamplona"],"_links":{"self":[{"href":"https:\/\/contraluzcucuta.co\/index.php?rest_route=\/wp\/v2\/posts\/28855","targetHints":{"allow":["GET"]}}],"collection":[{"href":"https:\/\/contraluzcucuta.co\/index.php?rest_route=\/wp\/v2\/posts"}],"about":[{"href":"https:\/\/contraluzcucuta.co\/index.php?rest_route=\/wp\/v2\/types\/post"}],"author":[{"embeddable":true,"href":"https:\/\/contraluzcucuta.co\/index.php?rest_route=\/wp\/v2\/users\/1"}],"replies":[{"embeddable":true,"href":"https:\/\/contraluzcucuta.co\/index.php?rest_route=%2Fwp%2Fv2%2Fcomments&post=28855"}],"version-history":[{"count":1,"href":"https:\/\/contraluzcucuta.co\/index.php?rest_route=\/wp\/v2\/posts\/28855\/revisions"}],"predecessor-version":[{"id":28857,"href":"https:\/\/contraluzcucuta.co\/index.php?rest_route=\/wp\/v2\/posts\/28855\/revisions\/28857"}],"wp:featuredmedia":[{"embeddable":true,"href":"https:\/\/contraluzcucuta.co\/index.php?rest_route=\/wp\/v2\/media\/28856"}],"wp:attachment":[{"href":"https:\/\/contraluzcucuta.co\/index.php?rest_route=%2Fwp%2Fv2%2Fmedia&parent=28855"}],"wp:term":[{"taxonomy":"category","embeddable":true,"href":"https:\/\/contraluzcucuta.co\/index.php?rest_route=%2Fwp%2Fv2%2Fcategories&post=28855"},{"taxonomy":"post_tag","embeddable":true,"href":"https:\/\/contraluzcucuta.co\/index.php?rest_route=%2Fwp%2Fv2%2Ftags&post=28855"}],"curies":[{"name":"wp","href":"https:\/\/api.w.org\/{rel}","templated":true}]}}