{"id":28842,"date":"2016-12-08T10:42:08","date_gmt":"2016-12-08T15:42:08","guid":{"rendered":"http:\/\/contraluzcucuta.co\/?p=28842"},"modified":"2016-12-08T10:42:08","modified_gmt":"2016-12-08T15:42:08","slug":"alcaldia-y-gobernacion-2100-ninos-hicieron-la-primera-comunion-con-trajes-nuevos","status":"publish","type":"post","link":"https:\/\/contraluzcucuta.co\/?p=28842","title":{"rendered":"ALCALD\u00cdA Y GOBERNACI\u00d3N. 2100 ni\u00f1os hicieron la primera comuni\u00f3n con trajes nuevos"},"content":{"rendered":"<p><strong>C\u00daCUTA.-<\/strong> Una de las mayores ilusiones de los ni\u00f1os cat\u00f3licos es recibir el sacramento de la primera comuni\u00f3n y en la fecha especial del 8 de diciembre. Los peque\u00f1os del \u00c1rea Metropolitana cumplieron ese sue\u00f1o con apoyo de los gobiernos departamental y municipal. La Gobernaci\u00f3n entreg\u00f3 mil trajes y la Alcald\u00eda otros 1100 para que lucieran a la altura del compromiso adquirido como creyentes.<\/p>\n<p>Entre aplausos y agradecimientos, el alcalde C\u00e9sar Rojas \u00a0y la gestora social Zuleima Cruz entregaron 1100 trajes de primera comuni\u00f3n, calzado, velas, obsequios a ni\u00f1os v\u00edctimas e hijos de madres cabeza de hogar en condici\u00f3n de vulnerabilidad y discapacidad.<\/p>\n<p>La gestora social de Norte de Santander, Cecilia Soler, les cumpli\u00f3 a los ni\u00f1os de escasos recursos y entreg\u00f3 mil trajes en C\u00facuta y \u00c1rea Metropolitana. El despacho de la primera dama favoreci\u00f3 a 2100 menores con los trajes completos (vestido, calzado, rosario, guantes y vela).<\/p>\n<p>La primera comuni\u00f3n es una de las celebraciones religiosas m\u00e1s esperadas por los ni\u00f1os, de entre 7 y 12 a\u00f1os. En esta oportunidad, 2100 recibieron el sacramento en las parroquias en donde se prepararon durante el a\u00f1o.<\/p>\n<p>Monse\u00f1or V\u00edctor Manuel Ochoa, Obispo de C\u00facuta, expres\u00f3 que \u201ces un gesto de amor y de cari\u00f1o hacia los ni\u00f1os\u201d y reconoci\u00f3 que la administraci\u00f3n ha preparado dignamente lo necesario para este momento tan especial.<\/p>\n<p>\u201cVamos a darles regalos de Navidad a los ni\u00f1os. Estamos haciendo estos programas sociales en los sectores populares de la ciudad, con el fin de que sus padres no gasten recursos\u201d, dijo C\u00e9sar Rojas.<\/p>\n<p>Soler de Villamizar reiter\u00f3 el compromiso hacia la labor que desarrolla para la atenci\u00f3n de la poblaci\u00f3n infantil nortesantandereana. \u201cDurante el fin de semana le cumplimos al resto de Norte de Santander\u201d. La entrega inici\u00f3 en Oca\u00f1a y la zona de El Catatumbo, luego en los Pueblos de Occidente, Provincia de Oca\u00f1a y el sur del departamento.<\/p>\n<p>Los menores beneficiados fueron reportados por las administraciones municipales y los l\u00edderes comunales, que se acercaron a la Gobernaci\u00f3n para presentar la solicitud.<\/p>\n<p>Los rostros de felicidad se reflejaron en ni\u00f1os y acudientes al recibir el ajuar de primera comuni\u00f3n. \u201cEs muy importante para nosotros recibir esta ayuda, porque muchos no ten\u00edamos para el traje\u201d, afirm\u00f3 una madre beneficiada.<\/p>\n<p><strong>Foto: PRENSA GOBERNACI\u00d3N<\/strong> <\/p>\n","protected":false},"excerpt":{"rendered":"<p>C\u00daCUTA.- Una de las mayores ilusiones de los ni\u00f1os cat\u00f3licos es recibir el sacramento de la primera comuni\u00f3n y en la fecha especial del 8 de diciembre. Los peque\u00f1os del \u00c1rea Metropolitana cumplieron ese sue\u00f1o con apoyo de los gobiernos departamental y municipal. La Gobernaci\u00f3n entreg\u00f3 mil trajes y la Alcald\u00eda otros 1100 para que &hellip;<\/p>\n","protected":false},"author":1,"featured_media":28843,"comment_status":"open","ping_status":"open","sticky":false,"template":"","format":"standard","meta":{"footnotes":""},"categories":[2630],"tags":[226,379,3393],"class_list":["post-28842","post","type-post","status-publish","format-standard","has-post-thumbnail","hentry","category-gobernacion","tag-alcaldia-de-cucuta","tag-gobernacion-de-norte-de-santander","tag-primera-comunion"],"_links":{"self":[{"href":"https:\/\/contraluzcucuta.co\/index.php?rest_route=\/wp\/v2\/posts\/28842","targetHints":{"allow":["GET"]}}],"collection":[{"href":"https:\/\/contraluzcucuta.co\/index.php?rest_route=\/wp\/v2\/posts"}],"about":[{"href":"https:\/\/contraluzcucuta.co\/index.php?rest_route=\/wp\/v2\/types\/post"}],"author":[{"embeddable":true,"href":"https:\/\/contraluzcucuta.co\/index.php?rest_route=\/wp\/v2\/users\/1"}],"replies":[{"embeddable":true,"href":"https:\/\/contraluzcucuta.co\/index.php?rest_route=%2Fwp%2Fv2%2Fcomments&post=28842"}],"version-history":[{"count":1,"href":"https:\/\/contraluzcucuta.co\/index.php?rest_route=\/wp\/v2\/posts\/28842\/revisions"}],"predecessor-version":[{"id":28844,"href":"https:\/\/contraluzcucuta.co\/index.php?rest_route=\/wp\/v2\/posts\/28842\/revisions\/28844"}],"wp:featuredmedia":[{"embeddable":true,"href":"https:\/\/contraluzcucuta.co\/index.php?rest_route=\/wp\/v2\/media\/28843"}],"wp:attachment":[{"href":"https:\/\/contraluzcucuta.co\/index.php?rest_route=%2Fwp%2Fv2%2Fmedia&parent=28842"}],"wp:term":[{"taxonomy":"category","embeddable":true,"href":"https:\/\/contraluzcucuta.co\/index.php?rest_route=%2Fwp%2Fv2%2Fcategories&post=28842"},{"taxonomy":"post_tag","embeddable":true,"href":"https:\/\/contraluzcucuta.co\/index.php?rest_route=%2Fwp%2Fv2%2Ftags&post=28842"}],"curies":[{"name":"wp","href":"https:\/\/api.w.org\/{rel}","templated":true}]}}