{"id":28839,"date":"2016-12-08T10:14:15","date_gmt":"2016-12-08T15:14:15","guid":{"rendered":"http:\/\/contraluzcucuta.co\/?p=28839"},"modified":"2016-12-08T10:14:15","modified_gmt":"2016-12-08T15:14:15","slug":"capacitacion-700-hombres-y-mujeres-aprendieron-de-areas-productivas","status":"publish","type":"post","link":"https:\/\/contraluzcucuta.co\/?p=28839","title":{"rendered":"CAPACITACI\u00d3N. 700 hombres y mujeres aprendieron de \u00e1reas productivas"},"content":{"rendered":"<p><strong>C\u00daCUTA.-<\/strong> M\u00e1s de 700 hombres y mujeres de las comunas de C\u00facuta se graduaron en \u00e1reas productivas. La capacitaci\u00f3n hace parte del convenio entre el Servicio Nacional de Aprendizaje (Sena) y la Alcald\u00eda. Los beneficiados aprendieron de panader\u00eda, confecciones, marroquiner\u00eda, bisuter\u00eda, c\u00e1rnicos, belleza, calzado y mec\u00e1nica de motos.<\/p>\n<p>Los cursos se llevaron a cabo en los CIAF de los barrios La Libertad, Ni\u00f1a Ceci, Los Alpes, Carora, Prados del Este, Cormoranes y El Llano, entre otros sitios. Las ofertas educativas no tuvieron costo y los asistentes recibieron los insumos utilizados en las jornadas.<\/p>\n<p>Entre los favorecidos se encuentran madres cabeza de hogar, hombres y miembros de la comunidad LGTBI.<\/p>\n<p>Terminada la fase de capacitaci\u00f3n, la administraci\u00f3n municipal facilitar\u00e1, por medio de la Secretar\u00eda del Banco de Progreso<\/p>\n<p>1.- Cr\u00e9ditos para la creaci\u00f3n de microempresas<\/p>\n<p>2.- Apoyo para la participaci\u00f3n en ferias y eventos empresariales. En Expodetodo integrantes de 30 asociaciones \u00a0mostraron y vendieron los productos.<\/p>\n<p>\u201cEs importante formar mano de obra calificada\u201d, dijo el alcalde C\u00e9sar Rojas y resalto las alianzas con entidades p\u00fablicas para atacar el desempleo en el municipio. \u201cLos microempresarios necesitan nuestro apoyo\u201d, manifest\u00f3.<\/p>\n<p>Mariela Granados, beneficiada con uno de los cursos de panader\u00eda, integrante de la Asociaci\u00f3n \u2018\u00c1ngel de Hogar\u2019, expres\u00f3 satisfacci\u00f3n y dijo sentirse preparada para sacar adelante sus proyectos. \u201cHemos sido varias las favorecidas en mi grupo de mujeres. Con esta capacitaci\u00f3n y la uni\u00f3n con mis compa\u00f1eras podemos montar nuestro negocio\u201d.<\/p>\n<p><strong>Foto: PRENSA ALCALD\u00cdA<\/strong><\/p>\n<p>&nbsp; <\/p>\n","protected":false},"excerpt":{"rendered":"<p>C\u00daCUTA.- M\u00e1s de 700 hombres y mujeres de las comunas de C\u00facuta se graduaron en \u00e1reas productivas. La capacitaci\u00f3n hace parte del convenio entre el Servicio Nacional de Aprendizaje (Sena) y la Alcald\u00eda. Los beneficiados aprendieron de panader\u00eda, confecciones, marroquiner\u00eda, bisuter\u00eda, c\u00e1rnicos, belleza, calzado y mec\u00e1nica de motos. Los cursos se llevaron a cabo en &hellip;<\/p>\n","protected":false},"author":1,"featured_media":28840,"comment_status":"open","ping_status":"open","sticky":false,"template":"","format":"standard","meta":{"footnotes":""},"categories":[2625],"tags":[226,3392,159],"class_list":["post-28839","post","type-post","status-publish","format-standard","has-post-thumbnail","hentry","category-alcaldia-de-cucuta","tag-alcaldia-de-cucuta","tag-capacitacion","tag-sena"],"_links":{"self":[{"href":"https:\/\/contraluzcucuta.co\/index.php?rest_route=\/wp\/v2\/posts\/28839","targetHints":{"allow":["GET"]}}],"collection":[{"href":"https:\/\/contraluzcucuta.co\/index.php?rest_route=\/wp\/v2\/posts"}],"about":[{"href":"https:\/\/contraluzcucuta.co\/index.php?rest_route=\/wp\/v2\/types\/post"}],"author":[{"embeddable":true,"href":"https:\/\/contraluzcucuta.co\/index.php?rest_route=\/wp\/v2\/users\/1"}],"replies":[{"embeddable":true,"href":"https:\/\/contraluzcucuta.co\/index.php?rest_route=%2Fwp%2Fv2%2Fcomments&post=28839"}],"version-history":[{"count":1,"href":"https:\/\/contraluzcucuta.co\/index.php?rest_route=\/wp\/v2\/posts\/28839\/revisions"}],"predecessor-version":[{"id":28841,"href":"https:\/\/contraluzcucuta.co\/index.php?rest_route=\/wp\/v2\/posts\/28839\/revisions\/28841"}],"wp:featuredmedia":[{"embeddable":true,"href":"https:\/\/contraluzcucuta.co\/index.php?rest_route=\/wp\/v2\/media\/28840"}],"wp:attachment":[{"href":"https:\/\/contraluzcucuta.co\/index.php?rest_route=%2Fwp%2Fv2%2Fmedia&parent=28839"}],"wp:term":[{"taxonomy":"category","embeddable":true,"href":"https:\/\/contraluzcucuta.co\/index.php?rest_route=%2Fwp%2Fv2%2Fcategories&post=28839"},{"taxonomy":"post_tag","embeddable":true,"href":"https:\/\/contraluzcucuta.co\/index.php?rest_route=%2Fwp%2Fv2%2Ftags&post=28839"}],"curies":[{"name":"wp","href":"https:\/\/api.w.org\/{rel}","templated":true}]}}