{"id":28836,"date":"2016-12-08T09:48:21","date_gmt":"2016-12-08T14:48:21","guid":{"rendered":"http:\/\/contraluzcucuta.co\/?p=28836"},"modified":"2016-12-08T09:48:21","modified_gmt":"2016-12-08T14:48:21","slug":"opinion-la-implementacion-debe-ser-ahora","status":"publish","type":"post","link":"https:\/\/contraluzcucuta.co\/?p=28836","title":{"rendered":"OPINI\u00d3N. La implementaci\u00f3n debe ser ahora"},"content":{"rendered":"<p>Hay un viejo adagio que dice: \u201cEn la puerta del horno se quema el pan\u201d,\u00a0 esto ha estado a punto de suceder en el largo y\u00a0 complejo proceso\u00a0 de paz que el presidente Santos impulsa contra viento y\u00a0 marea con la dirigencia de las Farc. El no haber dimensionado la gravedad y la falacia que conten\u00eda la propuesta uribista del Centro Democr\u00e1tico, llev\u00f3 a subestimar su poder de enga\u00f1o y confusi\u00f3n,\u00a0 lo que dio como resultado la p\u00e9rdida para los del\u00a0 S\u00ed del plebiscito, del 2 de octubre. Desde all\u00ed, esta organizaci\u00f3n pol\u00edtica se ha dedicado por todos los medios a ponerles palos en la rueda a los esfuerzos de paz, buscando, qui\u00e9n lo creyera, que terminaran en sucesivos procesos de dilaci\u00f3n, y en esta forma \u00a0salte la amenaza\u00a0 de volver a la guerra fratricida que nos ha\u00a0 acompa\u00f1ado por m\u00e1s de 50 a\u00f1os, confrontaci\u00f3n surgida de los movimientos armados que nacieron al influjo de la Revoluci\u00f3n Cubana.<\/p>\n<p>Hay que reconocer que fueron la mesura y la ecuanimidad del presidente Santos las que lograron equilibrar y detener la confusi\u00f3n que pretend\u00edan desatar los partidarios del No, que incid\u00edan directamente sobre las tropas de las Farc, acantonadas en zonas campesinas cerca a los espacios campamentarios donde deben efectuarse las complejas tareas de dejaci\u00f3n de armas, que ser\u00e1n recibidas, seg\u00fan acuerdos vigentes, por Naciones Unidas. Pero la situaci\u00f3n no termina all\u00ed, al Centro Democr\u00e1tico no le ha servido que el grupo negociador del Gobierno haya\u00a0 incorporado al texto del nuevo Acuerdo casi el 90 % de sus exigencias y sin consideraci\u00f3n por la paz y la convivencia de la gran familia colombiana, arremete contra el proceso de refrendaci\u00f3n que con disciplina y seriedad ha venido logr\u00e1ndose en el Congreso.<\/p>\n<p>El presidente Santos le respondi\u00f3 as\u00ed a\u00a0 Yamid Amat: \u201cNos falta la implementaci\u00f3n\u201d, el \u00faltimo paso vital en la cadena del proceso de paz, pues implican los siguientes procesos: \u201cLa consolidaci\u00f3n del cese del fuego, la entrega de las armas de las Farc, la iniciaci\u00f3n en forma del desminado, \u00a0los programas de sustituci\u00f3n de cultivos de coca, el retorno de los desplazados a sus tierras, los planes prioritarios de inversi\u00f3n en las regiones m\u00e1s afectadas por el conflicto\u2026Por eso es tan urgente avanzar y empezar lo m\u00e1s pronto posible la implementaci\u00f3n. Dilatar la puesta en marcha del Acuerdo significar\u00eda poner en peligro todo lo alcanzado, poner en riesgo m\u00e1s vidas\u201d.<\/p>\n<p>Quiero, como ciudadano colombiano y con el debido respeto de usanza, recurrir a la Corte Constitucional para implorar en nombre de quienes han sufrido esta guerra fratricida, que por el bien supremo de la naci\u00f3n aprueben y hagan viable el <em>Fast Track<\/em> o v\u00eda r\u00e1pida, \u00a0para que las leyes que deben implementar las trasformaciones y reformas no tengan\u00a0 que hacer el calvario de la v\u00eda ordinaria en el Congreso de la Republica, sino que por la urgencia manifiesta que estamos viviendo, sean aprobadas en el t\u00e9rmino m\u00e1s pr\u00f3ximo posible y en esta forma, la guerrilla desarmada, pueda entrar en el accionar pol\u00edtico, para que por los medios pac\u00edficos y democr\u00e1ticos contin\u00fae su lucha por las reivindicaciones sociales. Postura de la Corte que demanda \u00a0generosidad y solidaridad con la naci\u00f3n colombiana.<\/p>\n<p>As\u00ed las cosas, toda la sociedad colombiana, con sus m\u00faltiples expresiones democr\u00e1ticas, debe en estos momentos cerrar filas en apoyo al proceso de paz,\u00a0 otra vez en una encrucijada. La Comunidad Internacional, que tan comprometida ha estado, debe activar todos sus mecanismos para evitar un retroceso, el que ser\u00eda mortal en estas circunstancias, pedir o implorar a la Corte Constitucional que las leyes que deben desarrollar los acuerdos sean tramitadas por la v\u00eda r\u00e1pida o <em>Fast Track<\/em>, para que el compromiso adquirido con la paz, compromiso sagrado, no pueda echarse para atr\u00e1s, so pena de perder el meticuloso trabajo que hasta ahora se ha ejecutado. \u00a1Que Dios ilumine a la Corte Constitucional!\u00a0\u00a0 \u00a1Que la implementaci\u00f3n sea ahora!<\/p>\n<p><strong>ALONSO OJEDA AWAD<\/strong><\/p>\n<p><strong>Vicepresidente\u00a0 del\u00a0 Comit\u00e9 Permanente de Defensa de los DD.HH.\u00a0 (CPDH)<\/strong><\/p>\n<p><strong>Foto: Lex Web<\/strong> <\/p>\n","protected":false},"excerpt":{"rendered":"<p>Hay un viejo adagio que dice: \u201cEn la puerta del horno se quema el pan\u201d,\u00a0 esto ha estado a punto de suceder en el largo y\u00a0 complejo proceso\u00a0 de paz que el presidente Santos impulsa contra viento y\u00a0 marea con la dirigencia de las Farc. El no haber dimensionado la gravedad y la falacia que &hellip;<\/p>\n","protected":false},"author":1,"featured_media":28837,"comment_status":"open","ping_status":"open","sticky":false,"template":"","format":"standard","meta":{"footnotes":""},"categories":[14,4],"tags":[1004,2749,1100,3391,502],"class_list":["post-28836","post","type-post","status-publish","format-standard","has-post-thumbnail","hentry","category-articulistas","category-barra","tag-alonso-ojeda-awad","tag-articulistas-contraluz","tag-centro-democratico","tag-corte-constitucional","tag-proceso-de-paz-en-colombia"],"_links":{"self":[{"href":"https:\/\/contraluzcucuta.co\/index.php?rest_route=\/wp\/v2\/posts\/28836","targetHints":{"allow":["GET"]}}],"collection":[{"href":"https:\/\/contraluzcucuta.co\/index.php?rest_route=\/wp\/v2\/posts"}],"about":[{"href":"https:\/\/contraluzcucuta.co\/index.php?rest_route=\/wp\/v2\/types\/post"}],"author":[{"embeddable":true,"href":"https:\/\/contraluzcucuta.co\/index.php?rest_route=\/wp\/v2\/users\/1"}],"replies":[{"embeddable":true,"href":"https:\/\/contraluzcucuta.co\/index.php?rest_route=%2Fwp%2Fv2%2Fcomments&post=28836"}],"version-history":[{"count":1,"href":"https:\/\/contraluzcucuta.co\/index.php?rest_route=\/wp\/v2\/posts\/28836\/revisions"}],"predecessor-version":[{"id":28838,"href":"https:\/\/contraluzcucuta.co\/index.php?rest_route=\/wp\/v2\/posts\/28836\/revisions\/28838"}],"wp:featuredmedia":[{"embeddable":true,"href":"https:\/\/contraluzcucuta.co\/index.php?rest_route=\/wp\/v2\/media\/28837"}],"wp:attachment":[{"href":"https:\/\/contraluzcucuta.co\/index.php?rest_route=%2Fwp%2Fv2%2Fmedia&parent=28836"}],"wp:term":[{"taxonomy":"category","embeddable":true,"href":"https:\/\/contraluzcucuta.co\/index.php?rest_route=%2Fwp%2Fv2%2Fcategories&post=28836"},{"taxonomy":"post_tag","embeddable":true,"href":"https:\/\/contraluzcucuta.co\/index.php?rest_route=%2Fwp%2Fv2%2Ftags&post=28836"}],"curies":[{"name":"wp","href":"https:\/\/api.w.org\/{rel}","templated":true}]}}