{"id":28833,"date":"2016-12-06T21:51:51","date_gmt":"2016-12-07T02:51:51","guid":{"rendered":"http:\/\/contraluzcucuta.co\/?p=28833"},"modified":"2016-12-06T21:51:51","modified_gmt":"2016-12-07T02:51:51","slug":"temporada-navidena-suspenden-pico-y-placa-para-taxis","status":"publish","type":"post","link":"https:\/\/contraluzcucuta.co\/?p=28833","title":{"rendered":"TEMPORADA NAVIDE\u00d1A. Suspenden \u2018pico y placa\u2019 para taxis"},"content":{"rendered":"<p><strong>C\u00daCUTA.-<\/strong> El gobierno municipal derog\u00f3 el Decreto 0423 por medio del cual se adopt\u00f3 el \u2018pico y placa\u2019 para los taxis en C\u00facuta. A mediados de marzo, se tom\u00f3 la decisi\u00f3n como estrategia para mejorar la circulaci\u00f3n vehicular en la ciudad. Ahora, con la llegada de la temporada navide\u00f1a, se permitir\u00e1 la movilizaci\u00f3n sin restricciones.<\/p>\n<p>La Secretar\u00eda de Tr\u00e1nsito de C\u00facuta inform\u00f3 que a partir de esta semana el transporte p\u00fablico individual no tendr\u00e1 la medida de \u2018pico y placa\u2019. El Decreto 0991, del 5 de diciembre, derog\u00f3 la disposici\u00f3n que reg\u00eda en la capital de Norte de Santander.<\/p>\n<p>Asociaciones de conductores de taxis elevaron la solicitud al gobierno local para \u00a0que levantara la restricci\u00f3n, teniendo en cuenta que en este \u00faltimo mes del a\u00f1o los cucute\u00f1os requieren del uso del servicio p\u00fablico por seguridad.<\/p>\n<p>\u201cEl transporte p\u00fablico individual se ha comprometido a mejorar el servicio a los usuarios y no incurrir en acciones que afecten el tr\u00e1nsito en la ciudad en esta \u00e9poca decembrina\u201d, dijo el secretario de Tr\u00e1nsito Municipal, Jos\u00e9 Luis Duarte Contreras.<\/p>\n<p>En cumplimiento de la estrategia de mejorar la circulaci\u00f3n en C\u00facuta y avanzar en la construcci\u00f3n de cultura ciudadana para la comunidad, se han tomado decisiones que redundar\u00e1n en el bienestar de los ciudadanos y el progreso de la ciudad.<\/p>\n<p>Las acciones ejecutadas durante el a\u00f1o por el organismo de Tr\u00e1nsito, han sido para la prevenci\u00f3n de comportamientos lamentables. El grupo operativo de la Polic\u00eda tiene conocimiento de la determinaci\u00f3n asumida desde la administraci\u00f3n municipal.<\/p>\n<p><strong>Foto: PRENSA ALCALD\u00cdA<\/strong><\/p>\n<p>&nbsp;<\/p>\n<p>&nbsp; <\/p>\n","protected":false},"excerpt":{"rendered":"<p>C\u00daCUTA.- El gobierno municipal derog\u00f3 el Decreto 0423 por medio del cual se adopt\u00f3 el \u2018pico y placa\u2019 para los taxis en C\u00facuta. A mediados de marzo, se tom\u00f3 la decisi\u00f3n como estrategia para mejorar la circulaci\u00f3n vehicular en la ciudad. Ahora, con la llegada de la temporada navide\u00f1a, se permitir\u00e1 la movilizaci\u00f3n sin restricciones. &hellip;<\/p>\n","protected":false},"author":1,"featured_media":28834,"comment_status":"open","ping_status":"open","sticky":false,"template":"","format":"standard","meta":{"footnotes":""},"categories":[45],"tags":[226,881],"class_list":["post-28833","post","type-post","status-publish","format-standard","has-post-thumbnail","hentry","category-destacado","tag-alcaldia-de-cucuta","tag-taxis-en-cucuta"],"_links":{"self":[{"href":"https:\/\/contraluzcucuta.co\/index.php?rest_route=\/wp\/v2\/posts\/28833","targetHints":{"allow":["GET"]}}],"collection":[{"href":"https:\/\/contraluzcucuta.co\/index.php?rest_route=\/wp\/v2\/posts"}],"about":[{"href":"https:\/\/contraluzcucuta.co\/index.php?rest_route=\/wp\/v2\/types\/post"}],"author":[{"embeddable":true,"href":"https:\/\/contraluzcucuta.co\/index.php?rest_route=\/wp\/v2\/users\/1"}],"replies":[{"embeddable":true,"href":"https:\/\/contraluzcucuta.co\/index.php?rest_route=%2Fwp%2Fv2%2Fcomments&post=28833"}],"version-history":[{"count":1,"href":"https:\/\/contraluzcucuta.co\/index.php?rest_route=\/wp\/v2\/posts\/28833\/revisions"}],"predecessor-version":[{"id":28835,"href":"https:\/\/contraluzcucuta.co\/index.php?rest_route=\/wp\/v2\/posts\/28833\/revisions\/28835"}],"wp:featuredmedia":[{"embeddable":true,"href":"https:\/\/contraluzcucuta.co\/index.php?rest_route=\/wp\/v2\/media\/28834"}],"wp:attachment":[{"href":"https:\/\/contraluzcucuta.co\/index.php?rest_route=%2Fwp%2Fv2%2Fmedia&parent=28833"}],"wp:term":[{"taxonomy":"category","embeddable":true,"href":"https:\/\/contraluzcucuta.co\/index.php?rest_route=%2Fwp%2Fv2%2Fcategories&post=28833"},{"taxonomy":"post_tag","embeddable":true,"href":"https:\/\/contraluzcucuta.co\/index.php?rest_route=%2Fwp%2Fv2%2Ftags&post=28833"}],"curies":[{"name":"wp","href":"https:\/\/api.w.org\/{rel}","templated":true}]}}