{"id":28821,"date":"2016-12-06T21:02:20","date_gmt":"2016-12-07T02:02:20","guid":{"rendered":"http:\/\/contraluzcucuta.co\/?p=28821"},"modified":"2016-12-06T21:02:20","modified_gmt":"2016-12-07T02:02:20","slug":"ufps-bienal-iberoamericana-reconoce-diseno-arquitectonico-innovador","status":"publish","type":"post","link":"https:\/\/contraluzcucuta.co\/?p=28821","title":{"rendered":"UFPS. Bienal Iberoamericana reconoce dise\u00f1o arquitect\u00f3nico innovador"},"content":{"rendered":"<p><strong>C\u00daCUTA.-<\/strong> Johanna Navarro y Miguel Ni\u00f1o, estudiantes del programa de arquitectura de la Universidad Francisco de Paula Santander, recibieron dos menciones especiales en la Bienal Iberoamericana de Dise\u00f1o, por la creaci\u00f3n Bloque Termodisipador, catalogado como dise\u00f1o innovador que contribuye al desarrollo.<\/p>\n<p>El evento, que re\u00fane cada dos a\u00f1os las mejores expresiones del dise\u00f1o de todas las \u00e1reas del conocimiento de Latinoam\u00e9rica, Espa\u00f1a y Portugal, reconoci\u00f3 la creaci\u00f3n y el dise\u00f1o arquitect\u00f3nico de los universitarios UFPS entre m\u00e1s de 4500 propuestas.<\/p>\n<p>Navarro explic\u00f3 que recibieron menciones especiales en las categor\u00edas Dise\u00f1o e Innovaci\u00f3n y Dise\u00f1o para el Desarrollo, por parte de la Cooperaci\u00f3n Espa\u00f1ola. \u201cLa primera, otorgada por la novedad tecnol\u00f3gica en la producci\u00f3n para brindar soluciones a las necesidades emergentes del entorno. La segunda, por el apoyo que permiten a las comunidades para enfrentar y resolver dificultades\u201d.<\/p>\n<p>Los jurados destacaron al Bloque Termodisipador por las caracter\u00edsticas particulares en el dise\u00f1o, la forma irregular tridimensional que protege parcialmente los muros y la radiaci\u00f3n solar directa, que ayuda a disipar la temperatura en climas c\u00e1lidos, en este caso en Norte de Santander.<\/p>\n<p>Por Colombia fueron seleccionados 34 proyectos de dise\u00f1o y 4 obtuvieron reconocimiento p\u00fablico. El evento es considerado como uno de los m\u00e1s importantes del dise\u00f1o contempor\u00e1neo iberoamericano.<\/p>\n<p>Miguel Ni\u00f1o se\u00f1al\u00f3 que la distinci\u00f3n establece como elemento innovador la propuesta de trabajar con materiales locales y trasformar los procesos. \u201cEn este caso con uno de los productos destacados de Norte de Santander: la arcilla, para continuar bajo el mismo modelo de producci\u00f3n mediante un sistema constructivo tradicional que mejore la calidad de vida y el confort pero sin abordar procesos complejos\u201d.<\/p>\n<p>La iniciativa de dise\u00f1o hace parte del proyecto efectuado por el Grupo de Investigaci\u00f3n en Arquitectura y Materiales Alternativos (Grama), que ha acompa\u00f1ado el proceso de trasformar la forma de construir en la ciudad por una que est\u00e9 acorde con la temperatura.<\/p>\n<p><strong>Foto: PRENSA UFPS<\/strong><\/p>\n<p>&nbsp;<\/p>\n<p>&nbsp; <\/p>\n","protected":false},"excerpt":{"rendered":"<p>C\u00daCUTA.- Johanna Navarro y Miguel Ni\u00f1o, estudiantes del programa de arquitectura de la Universidad Francisco de Paula Santander, recibieron dos menciones especiales en la Bienal Iberoamericana de Dise\u00f1o, por la creaci\u00f3n Bloque Termodisipador, catalogado como dise\u00f1o innovador que contribuye al desarrollo. El evento, que re\u00fane cada dos a\u00f1os las mejores expresiones del dise\u00f1o de todas &hellip;<\/p>\n","protected":false},"author":1,"featured_media":28822,"comment_status":"open","ping_status":"open","sticky":false,"template":"","format":"standard","meta":{"footnotes":""},"categories":[74,4],"tags":[3387,229],"class_list":["post-28821","post","type-post","status-publish","format-standard","has-post-thumbnail","hentry","category-aula-universitaria","category-barra","tag-bienal-de-diseno","tag-ufps"],"_links":{"self":[{"href":"https:\/\/contraluzcucuta.co\/index.php?rest_route=\/wp\/v2\/posts\/28821","targetHints":{"allow":["GET"]}}],"collection":[{"href":"https:\/\/contraluzcucuta.co\/index.php?rest_route=\/wp\/v2\/posts"}],"about":[{"href":"https:\/\/contraluzcucuta.co\/index.php?rest_route=\/wp\/v2\/types\/post"}],"author":[{"embeddable":true,"href":"https:\/\/contraluzcucuta.co\/index.php?rest_route=\/wp\/v2\/users\/1"}],"replies":[{"embeddable":true,"href":"https:\/\/contraluzcucuta.co\/index.php?rest_route=%2Fwp%2Fv2%2Fcomments&post=28821"}],"version-history":[{"count":1,"href":"https:\/\/contraluzcucuta.co\/index.php?rest_route=\/wp\/v2\/posts\/28821\/revisions"}],"predecessor-version":[{"id":28823,"href":"https:\/\/contraluzcucuta.co\/index.php?rest_route=\/wp\/v2\/posts\/28821\/revisions\/28823"}],"wp:featuredmedia":[{"embeddable":true,"href":"https:\/\/contraluzcucuta.co\/index.php?rest_route=\/wp\/v2\/media\/28822"}],"wp:attachment":[{"href":"https:\/\/contraluzcucuta.co\/index.php?rest_route=%2Fwp%2Fv2%2Fmedia&parent=28821"}],"wp:term":[{"taxonomy":"category","embeddable":true,"href":"https:\/\/contraluzcucuta.co\/index.php?rest_route=%2Fwp%2Fv2%2Fcategories&post=28821"},{"taxonomy":"post_tag","embeddable":true,"href":"https:\/\/contraluzcucuta.co\/index.php?rest_route=%2Fwp%2Fv2%2Ftags&post=28821"}],"curies":[{"name":"wp","href":"https:\/\/api.w.org\/{rel}","templated":true}]}}