{"id":28818,"date":"2016-12-06T20:32:19","date_gmt":"2016-12-07T01:32:19","guid":{"rendered":"http:\/\/contraluzcucuta.co\/?p=28818"},"modified":"2016-12-06T20:32:19","modified_gmt":"2016-12-07T01:32:19","slug":"expoartesanias-2016-artesanos-de-norte-de-santander-llevaron-sus-productos-bogota","status":"publish","type":"post","link":"https:\/\/contraluzcucuta.co\/?p=28818","title":{"rendered":"EXPOARTESAN\u00cdAS\u00a0 2016. Artesanos de Norte de Santander llevaron sus productos a Bogot\u00e1"},"content":{"rendered":"<p><strong>BOGOT\u00c1.-<\/strong> Catorce artesanos de diferentes municipios de Norte de Santander mostraron los productos en alfarer\u00eda, orfebrer\u00eda\u00a0 y otras\u00a0 tendencias, en Expoartesan\u00edas\u00a0 2016. En la feria se dan cita cientos de expositores colombianos y es visitada por compradores de distintas partes del mundo. La\u00a0 regi\u00f3n hace\u00a0 presencia con apoyo de la Gobernaci\u00f3n, Artesan\u00edas de\u00a0 Colombia y Prodesarrollo.<\/p>\n<p>A\u00a0 esta, la\u00a0 vitrina\u00a0 de\u00a0 artesan\u00edas\u00a0 m\u00e1s\u00a0 importante de Colombia,\u00a0 han llegado:<\/p>\n<p>1.- Las arcillas de Salazar de\u00a0 las\u00a0 Palmas convertidas en mezcla de\u00a0 orfebrer\u00eda\u00a0 y\u00a0 fique<\/p>\n<p>2.- Las vasijas de\u00a0 \u00c1brego<\/p>\n<p>3.- El fique\u00a0 de Villa\u00a0 del Rosario<\/p>\n<p>4.- La\u00a0 lana de Mutiscua<\/p>\n<p>5.- Los orfebres\u00a0 cucute\u00f1os.<\/p>\n<p>Lilian Amparo\u00a0 Contreras, articuladora para\u00a0 Norte de\u00a0 Santander, dijo que la \u00a0participaci\u00f3n\u00a0 de\u00a0 la regi\u00f3n es \u201cuna experiencia maravillosa\u201d. \u00a0John Garc\u00eda, funcionario\u00a0 de\u00a0 Artesan\u00edas de\u00a0 Colombia en el oriente\u00a0 colombiano, reconoci\u00f3 que hay \u201ctalento para\u00a0 explotar\u201d. El apoyo a los\u00a0 artesanos del departamento\u00a0 est\u00e1\u00a0 incluido en el Plan de Desarrollo.<\/p>\n<p>La\u00a0 muestra\u00a0 de los productores\u00a0 nortesantanderanos fue\u00a0 visitada\u00a0 por el director de la C\u00e1mara de\u00a0 Comercio de\u00a0 C\u00facuta, Carlos\u00a0 Luna. Expres\u00f3\u00a0 que se\u00a0 buscar\u00e1,\u00a0 junto a la alcald\u00eda, apoyo para los\u00a0 artesanos de la regi\u00f3n.<\/p>\n<p>Expoartesan\u00edas se re\u00fane en Corferias,\u00a0 en la capital de la rep\u00fablica y cerrar\u00e1 el \u00a0domingo. Se espera la visita de\u00a0 miles de\u00a0 compradores\u00a0 que\u00a0 podr\u00e1n adquirir\u00a0 las\u00a0 artesan\u00edas\u00a0 nortesantandereanas.<\/p>\n<p><strong>Foto: JUAN RICARDO G\u00c9LVEZ<\/strong><\/p>\n<p>&nbsp; <\/p>\n","protected":false},"excerpt":{"rendered":"<p>BOGOT\u00c1.- Catorce artesanos de diferentes municipios de Norte de Santander mostraron los productos en alfarer\u00eda, orfebrer\u00eda\u00a0 y otras\u00a0 tendencias, en Expoartesan\u00edas\u00a0 2016. En la feria se dan cita cientos de expositores colombianos y es visitada por compradores de distintas partes del mundo. La\u00a0 regi\u00f3n hace\u00a0 presencia con apoyo de la Gobernaci\u00f3n, Artesan\u00edas de\u00a0 Colombia y &hellip;<\/p>\n","protected":false},"author":1,"featured_media":28819,"comment_status":"open","ping_status":"open","sticky":false,"template":"","format":"standard","meta":{"footnotes":""},"categories":[4,32],"tags":[2726,3386],"class_list":["post-28818","post","type-post","status-publish","format-standard","has-post-thumbnail","hentry","category-barra","category-recorrido-por-la-region","tag-artesanos-de-cucuta","tag-expoartesanias"],"_links":{"self":[{"href":"https:\/\/contraluzcucuta.co\/index.php?rest_route=\/wp\/v2\/posts\/28818","targetHints":{"allow":["GET"]}}],"collection":[{"href":"https:\/\/contraluzcucuta.co\/index.php?rest_route=\/wp\/v2\/posts"}],"about":[{"href":"https:\/\/contraluzcucuta.co\/index.php?rest_route=\/wp\/v2\/types\/post"}],"author":[{"embeddable":true,"href":"https:\/\/contraluzcucuta.co\/index.php?rest_route=\/wp\/v2\/users\/1"}],"replies":[{"embeddable":true,"href":"https:\/\/contraluzcucuta.co\/index.php?rest_route=%2Fwp%2Fv2%2Fcomments&post=28818"}],"version-history":[{"count":1,"href":"https:\/\/contraluzcucuta.co\/index.php?rest_route=\/wp\/v2\/posts\/28818\/revisions"}],"predecessor-version":[{"id":28820,"href":"https:\/\/contraluzcucuta.co\/index.php?rest_route=\/wp\/v2\/posts\/28818\/revisions\/28820"}],"wp:featuredmedia":[{"embeddable":true,"href":"https:\/\/contraluzcucuta.co\/index.php?rest_route=\/wp\/v2\/media\/28819"}],"wp:attachment":[{"href":"https:\/\/contraluzcucuta.co\/index.php?rest_route=%2Fwp%2Fv2%2Fmedia&parent=28818"}],"wp:term":[{"taxonomy":"category","embeddable":true,"href":"https:\/\/contraluzcucuta.co\/index.php?rest_route=%2Fwp%2Fv2%2Fcategories&post=28818"},{"taxonomy":"post_tag","embeddable":true,"href":"https:\/\/contraluzcucuta.co\/index.php?rest_route=%2Fwp%2Fv2%2Ftags&post=28818"}],"curies":[{"name":"wp","href":"https:\/\/api.w.org\/{rel}","templated":true}]}}