{"id":28812,"date":"2016-12-04T22:52:05","date_gmt":"2016-12-05T03:52:05","guid":{"rendered":"http:\/\/contraluzcucuta.co\/?p=28812"},"modified":"2016-12-04T22:53:25","modified_gmt":"2016-12-05T03:53:25","slug":"28812","status":"publish","type":"post","link":"https:\/\/contraluzcucuta.co\/?p=28812","title":{"rendered":"CONCEJO DE CUCUTA. Tom\u00f3 posesi\u00f3n nueva mesa directiva"},"content":{"rendered":"<p><strong>C\u00daCUTA.-<\/strong> La nueva mesa directiva del Concejo, que entrar\u00e1 en funciones el primero de enero del 2017, estar\u00e1 encabezada por Nelson Ovalles Agudelo y tendr\u00e1 como lema \u2018Un Concejo de la gente, para la gente\u2019.<\/p>\n<p>Al acto de posesi\u00f3n de los dignatarios asistieron el alcalde C\u00e9sar Rojas, \u00a0secretarios de despacho, \u00f3rganos de control, l\u00edderes comunales y comunidad.<\/p>\n<p>El vicepresidente \u00a0Bachir Mirep se encarg\u00f3 de posesionar a Nelson Ovalles, nuevo presidente; Guillermo Le\u00f3n, primer vicepresidente, y Carlos Camero, segundo vicepresidente.<\/p>\n<p>El alcalde Rojas indic\u00f3 que \u201cla nueva mesa directiva trabajar\u00e1 fuerte en conjunto con la administraci\u00f3n para sacar adelante muchos de los programas, proyectos e iniciativas importantes para beneficio de la comunidad\u201d.<\/p>\n<p>Ovalles Agudelo dijo que \u201cgracias a Dios y a la voluntad de la plenaria, esta nueva presidencia tendr\u00e1 la responsabilidad de llegar a m\u00e1s comunidades y velar por los intereses de los mismos para brindar un concejo de la gente para la gente\u201d.<\/p>\n<p><strong>Foto: PRENSA ALCALD\u00cdA<\/strong><\/p>\n<p>&nbsp; <\/p>\n","protected":false},"excerpt":{"rendered":"<p>C\u00daCUTA.- La nueva mesa directiva del Concejo, que entrar\u00e1 en funciones el primero de enero del 2017, estar\u00e1 encabezada por Nelson Ovalles Agudelo y tendr\u00e1 como lema \u2018Un Concejo de la gente, para la gente\u2019. Al acto de posesi\u00f3n de los dignatarios asistieron el alcalde C\u00e9sar Rojas, \u00a0secretarios de despacho, \u00f3rganos de control, l\u00edderes comunales &hellip;<\/p>\n","protected":false},"author":1,"featured_media":28813,"comment_status":"open","ping_status":"open","sticky":false,"template":"","format":"standard","meta":{"footnotes":""},"categories":[45,9],"tags":[197,3385],"class_list":["post-28812","post","type-post","status-publish","format-standard","has-post-thumbnail","hentry","category-destacado","category-politica","tag-concejo-de-cucuta","tag-nelson-ovalles"],"_links":{"self":[{"href":"https:\/\/contraluzcucuta.co\/index.php?rest_route=\/wp\/v2\/posts\/28812","targetHints":{"allow":["GET"]}}],"collection":[{"href":"https:\/\/contraluzcucuta.co\/index.php?rest_route=\/wp\/v2\/posts"}],"about":[{"href":"https:\/\/contraluzcucuta.co\/index.php?rest_route=\/wp\/v2\/types\/post"}],"author":[{"embeddable":true,"href":"https:\/\/contraluzcucuta.co\/index.php?rest_route=\/wp\/v2\/users\/1"}],"replies":[{"embeddable":true,"href":"https:\/\/contraluzcucuta.co\/index.php?rest_route=%2Fwp%2Fv2%2Fcomments&post=28812"}],"version-history":[{"count":2,"href":"https:\/\/contraluzcucuta.co\/index.php?rest_route=\/wp\/v2\/posts\/28812\/revisions"}],"predecessor-version":[{"id":28816,"href":"https:\/\/contraluzcucuta.co\/index.php?rest_route=\/wp\/v2\/posts\/28812\/revisions\/28816"}],"wp:featuredmedia":[{"embeddable":true,"href":"https:\/\/contraluzcucuta.co\/index.php?rest_route=\/wp\/v2\/media\/28813"}],"wp:attachment":[{"href":"https:\/\/contraluzcucuta.co\/index.php?rest_route=%2Fwp%2Fv2%2Fmedia&parent=28812"}],"wp:term":[{"taxonomy":"category","embeddable":true,"href":"https:\/\/contraluzcucuta.co\/index.php?rest_route=%2Fwp%2Fv2%2Fcategories&post=28812"},{"taxonomy":"post_tag","embeddable":true,"href":"https:\/\/contraluzcucuta.co\/index.php?rest_route=%2Fwp%2Fv2%2Ftags&post=28812"}],"curies":[{"name":"wp","href":"https:\/\/api.w.org\/{rel}","templated":true}]}}