{"id":28763,"date":"2016-11-30T22:00:45","date_gmt":"2016-12-01T03:00:45","guid":{"rendered":"http:\/\/contraluzcucuta.co\/?p=28763"},"modified":"2016-11-30T22:00:45","modified_gmt":"2016-12-01T03:00:45","slug":"diocesis-de-cucuta-siete-sacerdotes-y-tres-nuevos-diaconos","status":"publish","type":"post","link":"https:\/\/contraluzcucuta.co\/?p=28763","title":{"rendered":"DI\u00d3CESIS DE C\u00daCUTA. Siete sacerdotes y tres nuevos di\u00e1conos"},"content":{"rendered":"<p><strong>C\u00daCUTA.-<\/strong> Por imposici\u00f3n de manos y oraci\u00f3n consecratoria de monse\u00f1or V\u00edctor Manuel Ochoa, Obispo de C\u00facuta, recibieron el Orden Sacerdotal los di\u00e1conos: Pedro Andr\u00e9s Daza Correa, Roberto Alfonso Garz\u00f3n Guill\u00e9n, Samuel Alexis Arias Meza, Antonio Caballero Pe\u00f1aloza, Wilmer Alberto Maldonado Arias, Luis Eduardo \u00c1lvarez D\u00edaz y Gabriel Pe\u00f1a Arciniegas; asimismo, fueron ordenados di\u00e1conos los seminaristas: Ernesto Melo G\u00e9lvez, Leonardo Mendoza G\u00e9lvez y Jes\u00fas Alonso Rodr\u00edguez Veloza.<\/p>\n<p>Durante la celebraci\u00f3n eucar\u00edstica, en la Catedral de San Jos\u00e9, record\u00f3 a los neopresb\u00edteros y nuevos di\u00e1conos el compromiso que tienen de \u201cser imagen de Cristo en la comunidad (\u2026) Hoy le entregan vida, voluntad y fe al Se\u00f1or\u201d<\/p>\n<p>\u201cMirando a Cristo, ustedes ser\u00e1n signo de misericordia de Dios para los hombres, dando la vida por las ovejas, realizando sobre el altar el misterio de la redenci\u00f3n\u00a0 eterna, este es el llamado que nos est\u00e1 haciendo el Papa Francisco desde hace tantos d\u00edas. Como a Jerem\u00edas el Se\u00f1or los ha llamado, los ha invitado, los ha puesto aqu\u00ed desde siempre, les ten\u00eda escrito en el plan para ustedes el ser sacerdotes o di\u00e1conos\u201d, se\u00f1al\u00f3 el prelado.<\/p>\n<p>El Obispo, tambi\u00e9n, explic\u00f3 que \u201cen la teolog\u00eda cat\u00f3lica aprendemos que tres son los sacramentos que marcan imborrablemente la vida del hombre: el sacramento del Bautismo, que nos hace hijos de Dios; el sacramento de la Confirmaci\u00f3n en el cual recibimos los dones del Esp\u00edritu Santo para ser testigos y; por \u00faltimo, el sacramento del Orden que hace participar a algunos de los fieles, hombres, en el ministerio apost\u00f3lico del Obispo. A ustedes queridos hermanos el Se\u00f1or le habla hoy en ese misterio grande, en esa configuraci\u00f3n\u00a0 en la persona y en el nombre de Cristo Cabeza, en el cu\u00e1l se configurar\u00e1n para servir el Evangelio y llevar la redenci\u00f3n a todos los hombres\u201d.<\/p>\n<p>Cientos de bautizados de distintas comunidades parroquiales acompa\u00f1aron la celebraci\u00f3n eucar\u00edstica, el 26 de noviembre, manifestando alegr\u00eda y dando gracias a Dios por la vida y ministerio de estos j\u00f3venes que guiar\u00e1n espiritual y pastoralmente esta Iglesia Particular.<\/p>\n<p><strong>Foto: DI\u00d3CESIS DE C\u00daCUTA <\/strong><\/p>\n<p>&nbsp; <\/p>\n","protected":false},"excerpt":{"rendered":"<p>C\u00daCUTA.- Por imposici\u00f3n de manos y oraci\u00f3n consecratoria de monse\u00f1or V\u00edctor Manuel Ochoa, Obispo de C\u00facuta, recibieron el Orden Sacerdotal los di\u00e1conos: Pedro Andr\u00e9s Daza Correa, Roberto Alfonso Garz\u00f3n Guill\u00e9n, Samuel Alexis Arias Meza, Antonio Caballero Pe\u00f1aloza, Wilmer Alberto Maldonado Arias, Luis Eduardo \u00c1lvarez D\u00edaz y Gabriel Pe\u00f1a Arciniegas; asimismo, fueron ordenados di\u00e1conos los seminaristas: &hellip;<\/p>\n","protected":false},"author":1,"featured_media":28764,"comment_status":"open","ping_status":"open","sticky":false,"template":"","format":"standard","meta":{"footnotes":""},"categories":[4,36],"tags":[8,2490],"class_list":["post-28763","post","type-post","status-publish","format-standard","has-post-thumbnail","hentry","category-barra","category-la-voz-del-pueblo","tag-diocesis-de-cucuta","tag-monsenor-victor-manuel-ochoa"],"_links":{"self":[{"href":"https:\/\/contraluzcucuta.co\/index.php?rest_route=\/wp\/v2\/posts\/28763","targetHints":{"allow":["GET"]}}],"collection":[{"href":"https:\/\/contraluzcucuta.co\/index.php?rest_route=\/wp\/v2\/posts"}],"about":[{"href":"https:\/\/contraluzcucuta.co\/index.php?rest_route=\/wp\/v2\/types\/post"}],"author":[{"embeddable":true,"href":"https:\/\/contraluzcucuta.co\/index.php?rest_route=\/wp\/v2\/users\/1"}],"replies":[{"embeddable":true,"href":"https:\/\/contraluzcucuta.co\/index.php?rest_route=%2Fwp%2Fv2%2Fcomments&post=28763"}],"version-history":[{"count":1,"href":"https:\/\/contraluzcucuta.co\/index.php?rest_route=\/wp\/v2\/posts\/28763\/revisions"}],"predecessor-version":[{"id":28765,"href":"https:\/\/contraluzcucuta.co\/index.php?rest_route=\/wp\/v2\/posts\/28763\/revisions\/28765"}],"wp:featuredmedia":[{"embeddable":true,"href":"https:\/\/contraluzcucuta.co\/index.php?rest_route=\/wp\/v2\/media\/28764"}],"wp:attachment":[{"href":"https:\/\/contraluzcucuta.co\/index.php?rest_route=%2Fwp%2Fv2%2Fmedia&parent=28763"}],"wp:term":[{"taxonomy":"category","embeddable":true,"href":"https:\/\/contraluzcucuta.co\/index.php?rest_route=%2Fwp%2Fv2%2Fcategories&post=28763"},{"taxonomy":"post_tag","embeddable":true,"href":"https:\/\/contraluzcucuta.co\/index.php?rest_route=%2Fwp%2Fv2%2Ftags&post=28763"}],"curies":[{"name":"wp","href":"https:\/\/api.w.org\/{rel}","templated":true}]}}