{"id":28759,"date":"2016-11-30T21:44:48","date_gmt":"2016-12-01T02:44:48","guid":{"rendered":"http:\/\/contraluzcucuta.co\/?p=28759"},"modified":"2016-11-30T21:45:25","modified_gmt":"2016-12-01T02:45:25","slug":"notas-al-margen-el-reto-del-desarrollo-y-del-crecimiento-fronterizo","status":"publish","type":"post","link":"https:\/\/contraluzcucuta.co\/?p=28759","title":{"rendered":"NOTAS AL MARGEN. El reto del desarrollo y del crecimiento fronterizo"},"content":{"rendered":"<p>Si en C\u00facuta se hiciera un\u00a0 sondeo de opini\u00f3n sobre\u00a0 \u00bfcu\u00e1les, en su concepto, son las acciones prioritarias que se deben desarrollar para el progreso de la ciudad, como eje y pilar de la regi\u00f3n y de la zona fronteriza colombo-venezolana, qu\u00e9 incluir\u00eda?<\/p>\n<p>Antes de contestar y se\u00f1alar sus apreciaciones, consid\u00e9rese como alguien que ans\u00eda el progreso y anhela un mejor vivir, mediante una sociedad m\u00e1s segura, capacitado, con esp\u00edritu asociativo y dispuesto a dar su aporte de cooperaci\u00f3n y entrega, para que el proceso de transformaci\u00f3n\u00a0 y cambio \u2013que se estima inaplazable y por ello urgente &#8211; se d\u00e9 y fortalezca a todo el conjunto, sin consideraciones de partido, grupo o n\u00facleos individualistas.<\/p>\n<p>Adem\u00e1s, con visi\u00f3n de futuro y perspectiva en fuentes de empleo y aprovechamiento de la\u00a0 ubicaci\u00f3n geoestrat\u00e9gica, intente el aprovechamiento de nuestro recursos y\u00a0 ventajas comparativas, pensando en la modernidad y la conveniencia de una especial participaci\u00f3n\u00a0\u00a0 en la investigaci\u00f3n\u00a0 en nuestros centros universitarios y\u00a0 docentes, a fin de impulsar la industrializaci\u00f3n, la capacitaci\u00f3n y el mejoramiento infraestructural de v\u00edas y servicios, mediante incentivos, est\u00edmulos y mecanismos que sean consecuentes y acordes con nuestras caracter\u00edsticas\u00a0 socioecon\u00f3micas y geopol\u00edticas que nos definen y\u00a0 proyectan.<\/p>\n<p>Para animar lo propuesto y dar sustento al an\u00e1lisis y confrontaci\u00f3n de tesis y alternativas presento las m\u00edas, que vengo sugiriendo y exponiendo hace varios a\u00f1os:<\/p>\n<p>1.- Trabajar con los sectores p\u00fablico y privado en procura de obtener una legislaci\u00f3n especial que precise la descentralizaci\u00f3n administrativa que es indispensable, as\u00ed como la renovaci\u00f3n en la representatividad de la regi\u00f3n, para dar m\u00e1s aliento y vida a esta zona de frontera\u00a0 en la soluci\u00f3n de sus necesidades y aut\u00e9nticos entendimientos en lo propio y\u00a0 con las autoridades de Venezuela, en procura de planes, programas y prospectos de beneficio\u00a0 compartido.<\/p>\n<p>2.- La legislaci\u00f3n especial que se solicita y persigue propende\u00a0 por la obtenci\u00f3n y el desarrollo de verdaderas\u00a0 y trascendentes pol\u00edticas de Estado para cuyo impulso y desarrollo debe contarse con una comisi\u00f3n extraordinaria y especial fronteriza que, junto al ministro de Fronteras de cada pa\u00eds, promuevan\u00a0 y\u00a0 ayuden a definir y\u00a0 canalizar los incentivos, est\u00edmulos y mecanismos que sean\u00a0 necesarios, as\u00ed como las inversiones y financiaciones que se requieran, para dar cabida e impulsar la creaci\u00f3n y el establecimiento de parques industriales y tecnol\u00f3gicos, zonas francas especializadas y una zona aduanera especial para maquilas.<\/p>\n<p>3.- Paralelamente a estos empe\u00f1os, C\u00facuta, la regi\u00f3n y la zona fronteriza deben promover y\u00a0 encausar acciones y\u00a0 desarrollos concretos sobre las soluciones \u00a0en agua, gas, v\u00edas de acceso y salida, as\u00ed como una posible y conveniente reubicaci\u00f3n y dotaci\u00f3n del aeropuerto internacional de C\u00facuta \u2018Camilo Daza\u2019, que permitir\u00eda dotar\u00a0 a la ciudad de un parque industrial, al utilizar las instalaciones del aeropuerto, al t\u00e9rmino de las nuevas\u00a0 adecuaciones que se hagan, ojal\u00e1 en las inmediaciones de Puerto Santander, que a su vez tendr\u00eda un fortalecimiento de amplio alcance al evaluarse tambi\u00e9n lo pertinente a rescatar las v\u00edas f\u00e9rreas que lo intercomunicaban y que\u00a0 fueron\u00a0 fundamento de los primeros contactos binacionales, como lo recuerda y sintetiza \u2018el tri\u00e1ngulo de oro Maracaibo \u2013 San Crist\u00f3bal \u2013 C\u00facuta\u2019 en los primigenios movimientos de importaci\u00f3n y exportaci\u00f3n, y lo advierte la llegada del caf\u00e9 a Colombia.<\/p>\n<p>4.- Crear el banco de fomento colombo-venezolano, con presencia y participaci\u00f3n\u00a0 de los bancos centrales de Colombia y Venezuela, Banco Interamericano de Desarrollo y Corporaci\u00f3n Andina de Fomento, junto a accionistas de uno y otro pa\u00eds, para apoyar los desenvolvimientos regionales, nacionales e internacionales que se derivar\u00e1n del nuevo accionar fronterizo\u00a0 y\u00a0 fomentar empresas binacionales y multilaterales, sobre diversos ramos, actividades y servicios.<\/p>\n<p>5.- Crear incentivos y est\u00edmulos para las investigaciones que se adelanten\u00a0 en las universidades y centros de estudio y capacitaci\u00f3n, sobre la tem\u00e1tica de fronteras, sus productos y posibilidades, dando base y sustento al Centro del Pensamiento y Desarrollo Fronterizo.<\/p>\n<p>6.- Crear convenios, concursos, premios y\u00a0 acciones cooparticipativas por parte de las entidades administrativas gubernamentales y de los sectores privados, con el fin de establecer y fomentar gestiones de car\u00e1cter cultural y de asistencia integradora, mediante acuerdos entre gobernaciones, alcald\u00edas y\u00a0 gremios profesionales y laborales, interesados en el progreso general fronterizo.<\/p>\n<p>7.-Hacer del parque\u00a0 Grancolombiano, en la villa hist\u00f3rica, el centro de confluencia hist\u00f3rica e integracionista del continente, dada la importancia que representa\u00a0 en el proceso integracionista de Am\u00e9rica y de esta parte del mundo.<\/p>\n<p>8.- Hacer del \u2018Conjunto Recreacional Andino Regional (Crear), ubicado en Villa del Rosario, junto a otros proyectos de car\u00e1cter\u00a0 tur\u00edstico, que se definan y establezcan\u00a0 en la zona fronteriza, un punto de apoyo y atracci\u00f3n, para los miles de visitantes, y destacar la participaci\u00f3n de Oca\u00f1a, Pamplona, Chin\u00e1cota y otros municipios de importancia hist\u00f3rica.<\/p>\n<p>9.- Conformar un grupo de\u00a0 profesionales investigadores y estudiosos de la geolog\u00eda, para que el suelo y el entorno fronterizo sean detalladamente estudiados y proyectados, habida cuenta de la historia geol\u00f3gica de la zona y el conocimiento pleno, que de sus caracter\u00edsticas y estado, debemos tener. As\u00ed, como en la defensa de lo arqueol\u00f3gico y paleontol\u00f3gico.<\/p>\n<p>10.- Generalizar actitudes y conductas\u00a0 colectivas y personales m\u00e1s comprometidas y positivas, por parte de la ciudadan\u00eda y de quienes a nivel profesional, laboral o de servicios se vinculen a la regi\u00f3n, para que se vigorice la asociatiividad y la labor en equipo, en pro de un cambio y transformaci\u00f3n ejemplar y comprobable, que dinamice al conjunto y provoque una presencia directiva y operativa ejemplar, que oriente y guie conforme a los lineamientos que corresponden\u00a0 a una sociedad\u00a0 en proceso de modernizaci\u00f3n\u00a0 y actualizaci\u00f3n en todos los \u00f3rdenes.<\/p>\n<p><strong>JOS\u00c9 NEIRA REY<\/strong><\/p>\n<p><strong><a href=\"mailto:jneirarey@hotmail.com\">jneirarey@hotmail.com<\/a><\/strong><\/p>\n<p><strong>Foto: A Todo Momento<\/strong><\/p>\n<p><strong>\u00a0<\/strong><\/p>\n<p>&nbsp;<\/p>\n<p>&nbsp; <\/p>\n","protected":false},"excerpt":{"rendered":"<p>Si en C\u00facuta se hiciera un\u00a0 sondeo de opini\u00f3n sobre\u00a0 \u00bfcu\u00e1les, en su concepto, son las acciones prioritarias que se deben desarrollar para el progreso de la ciudad, como eje y pilar de la regi\u00f3n y de la zona fronteriza colombo-venezolana, qu\u00e9 incluir\u00eda? Antes de contestar y se\u00f1alar sus apreciaciones, consid\u00e9rese como alguien que ans\u00eda &hellip;<\/p>\n","protected":false},"author":1,"featured_media":28760,"comment_status":"open","ping_status":"open","sticky":false,"template":"","format":"standard","meta":{"footnotes":""},"categories":[14,4],"tags":[1759],"class_list":["post-28759","post","type-post","status-publish","format-standard","has-post-thumbnail","hentry","category-articulistas","category-barra","tag-jose-neira-notas-al-margen"],"_links":{"self":[{"href":"https:\/\/contraluzcucuta.co\/index.php?rest_route=\/wp\/v2\/posts\/28759","targetHints":{"allow":["GET"]}}],"collection":[{"href":"https:\/\/contraluzcucuta.co\/index.php?rest_route=\/wp\/v2\/posts"}],"about":[{"href":"https:\/\/contraluzcucuta.co\/index.php?rest_route=\/wp\/v2\/types\/post"}],"author":[{"embeddable":true,"href":"https:\/\/contraluzcucuta.co\/index.php?rest_route=\/wp\/v2\/users\/1"}],"replies":[{"embeddable":true,"href":"https:\/\/contraluzcucuta.co\/index.php?rest_route=%2Fwp%2Fv2%2Fcomments&post=28759"}],"version-history":[{"count":2,"href":"https:\/\/contraluzcucuta.co\/index.php?rest_route=\/wp\/v2\/posts\/28759\/revisions"}],"predecessor-version":[{"id":28762,"href":"https:\/\/contraluzcucuta.co\/index.php?rest_route=\/wp\/v2\/posts\/28759\/revisions\/28762"}],"wp:featuredmedia":[{"embeddable":true,"href":"https:\/\/contraluzcucuta.co\/index.php?rest_route=\/wp\/v2\/media\/28760"}],"wp:attachment":[{"href":"https:\/\/contraluzcucuta.co\/index.php?rest_route=%2Fwp%2Fv2%2Fmedia&parent=28759"}],"wp:term":[{"taxonomy":"category","embeddable":true,"href":"https:\/\/contraluzcucuta.co\/index.php?rest_route=%2Fwp%2Fv2%2Fcategories&post=28759"},{"taxonomy":"post_tag","embeddable":true,"href":"https:\/\/contraluzcucuta.co\/index.php?rest_route=%2Fwp%2Fv2%2Ftags&post=28759"}],"curies":[{"name":"wp","href":"https:\/\/api.w.org\/{rel}","templated":true}]}}