{"id":28734,"date":"2016-11-27T19:19:24","date_gmt":"2016-11-28T00:19:24","guid":{"rendered":"http:\/\/contraluzcucuta.co\/?p=28734"},"modified":"2016-11-27T19:19:24","modified_gmt":"2016-11-28T00:19:24","slug":"perfil-anita-morantes-la-secretaria-presidencial-de-oro","status":"publish","type":"post","link":"https:\/\/contraluzcucuta.co\/?p=28734","title":{"rendered":"PERFIL. Anita Morantes, la secretaria presidencial de oro  \u00a0"},"content":{"rendered":"<p>El 18 de mayo de 1875, a las 11:15 de la ma\u00f1ana, ocurri\u00f3 el tr\u00e1gico terremoto en C\u00facuta. El desastre natural obliga a los sobrevivientes a desplazarse a pueblos aleda\u00f1os de la provincia de Pamplona. Mateo Morantes, oriundo de Venezuela, resid\u00eda en la ciudad, y se vio obligado a irse para Bochalema. All\u00ed, se convirti\u00f3 en el consejero. En 1888, plant\u00f3 el majestuoso sam\u00e1n, s\u00edmbolo de la comunidad.<\/p>\n<p>Se cas\u00f3 con Victoria Novoa y de la uni\u00f3n naci\u00f3 Rafael, \u00fanico heredero, quien tras casarse con Josefa Maldonado, trae al mundo a Ana, el 30 de enero de 1934. La ni\u00f1ez y la crianza trascurrieron en el pueblo, donde recibi\u00f3 la educaci\u00f3n. En La Presentaci\u00f3n de Ni\u00f1as aprendi\u00f3 a leer y toda la formaci\u00f3n.\u00a0 Obtuvo el t\u00edtulo como t\u00e9cnica en grado comercial.<\/p>\n<p>\u201cYo cuido el sam\u00e1n, no porque lo haya plantado mi abuelo, sino porque amo a Bochalema\u201d.<\/p>\n<p>A los 8 a\u00f1os, empez\u00f3 la pasi\u00f3n por el baloncesto. Las fuertes piernas lo demuestran. Inici\u00f3 influenciada por David, su hermano que hac\u00eda aros artesanales para jugar y entrenar. Conocida como Anita por el carisma y la amabilidad hacia los dem\u00e1s, trabaj\u00f3 con Virgilio Barco en la fundaci\u00f3n que llevaba su nombre y la ense\u00f1o a ser secretaria. Trece a\u00f1os despu\u00e9s se reencuentran en la Alcald\u00eda de Bogot\u00e1.<\/p>\n<p>En 1953, conform\u00f3 el equipo de baloncesto de Norte de Santander y jug\u00f3 el primer nacional disputado en C\u00facuta. No obtuvieron el t\u00edtulo, pero demostr\u00f3 el talento para el deporte. Los ojos cansados por los a\u00f1os tienen una mirada \u00f3ptima por la cirug\u00eda de cataratas a la que fue sometida. Anita cuenta sus glorias en el mundo deportivo acompa\u00f1ada por \u00a0el trinar de los pajaritos que aguardan la noche para descansar.<\/p>\n<p>Fue corredora de atletismo en 100 y 200 metros planos, clasific\u00f3 para competir en el exterior, pero en la empresa que laboraba no le concedieron permiso para viajar. Destac\u00f3 m\u00e1s en baloncesto que en atletismo. Con el equipo de veteranas gan\u00f3 medalla de plata en Toronto (Canad\u00e1), en 1985. El expresidente Belisario Betancur la condecor\u00f3 con \u2018La Pir\u00e1mide al M\u00e9rito Deportivo\u2019.<\/p>\n<p>Anita y otra colombiana fueron seleccionadas como refuerzo para el quinteto de veteranas de Estonia. El esfuerzo de las cafeteras se reflej\u00f3 en el t\u00edtulo que gan\u00f3 \u00a0Estonia, en los cuartos juegos mundiales de veteranos, en 1989. \u201cMe perd\u00ed 50 a\u00f1os de mi municipio. Solo ven\u00eda en las semanas santas, estaba en las procesiones y me iba de nuevo\u201d.<\/p>\n<p>La llegada al despacho de la presidencia fue algo inesperado, porque no simpatizaba con cargos pol\u00edticos. \u201cNo son duraderos y el pago era poco\u201d. Con ayuda de amigos lleg\u00f3 la oficina de relaciones p\u00fablicas de la Presidencia. Las virtudes y la prudencia, heredada de Josefa Maldonado, le permitieron trabajar con tres presidentes de la rep\u00fablica.<\/p>\n<p>Fue secretaria de Julio C\u00e9sar Turbay Ayala (1978 \u2013 1982). Luego, de Belisario Antonio Betancur Cuartas (1982 \u2013 1986) y \u00a0del cucute\u00f1o Virgilio Barco Vargas, con quien trabajo 3 a\u00f1os. Se retir\u00f3 para unirse a la Organizaci\u00f3n de las Naciones Unidas, en la que trabaj\u00f3 en el proyecto \u2018Pobreza en Am\u00e9rica Latina\u2019. Permaneci\u00f3 4 a\u00f1os.<\/p>\n<p>Cada experiencia vivida como secretaria de los mandatarios la relata con alegr\u00eda. Al momento de hablar del viejo amigo Jos\u00e9 Rozo Contreras desaparece la emoci\u00f3n del rostro, decae la potencia de la voz y las aves dejan de trinar como si sintieran el dolor de la mujer que los alimenta cada ma\u00f1ana.<\/p>\n<p>En los a\u00f1os mozos, era amiga cercana del \u00a0creador de la m\u00fasica de los himnos varios municipios colombianos y quien hiciera arreglos a la m\u00fasica del himno patrio, para que sonara como marcha. \u201cJos\u00e9 Rozo Contreras fue un orgullo bochalemero. En Bogot\u00e1, los domingos, hab\u00eda conciertos y Jos\u00e9 Rozo expon\u00eda su talento. Una an\u00e9cdota linda de recordar, fue cuando estaba en Alemania, en el teatro de bellas artes \u00a0le\u00ed en la programaci\u00f3n que dec\u00eda: para esta semana, abre la sinf\u00f3nica de Berl\u00edn con La Danza Victoria, del autor colombiano Jos\u00e9 Rozo Contreras. Yo iba en una excursi\u00f3n y les dec\u00eda a todos \u00a1lo conozco, es de mi pueblo!\u201d.<\/p>\n<p>Cuando peque\u00f1a, en la iglesia del municipio, Contreras le daba clases a Anita y le dec\u00eda que ten\u00eda buen o\u00eddo y voz, aunque nunca quiso ser cantante. De adultos, y con varios a\u00f1os encima, los dos le ped\u00edan a la Virgen de la Cueva Santa (patrona de\u00a0 Bochalema) regresar al pueblito viejo y morir en paz, en la tierra que los vio nacer. A punto de volver,\u00a0 Jos\u00e9 Rozo se agrav\u00f3 y muri\u00f3 en Bogot\u00e1. \u201cFue una gran p\u00e9rdida para el pa\u00eds\u201d.<\/p>\n<p>Los \u00e1nimos se renuevan con las an\u00e9cdotas vividas en Buenos Aires (Argentina), donde se desempe\u00f1\u00f3 como secretaria de V\u00edctor G. Ricardo, embajador de Colombia. \u201cGracias a Dios no se me peg\u00f3 nada de los argentinos\u201d, refiri\u00e9ndose a que son altivos y orgullosos. Trabaj\u00f3 4 a\u00f1os. \u201cConformar el cuerpo diplom\u00e1tico en el exterior es lindo, pues se representa una buena imagen de Colombia\u201d.<\/p>\n<p>Volvi\u00f3 a Bogot\u00e1 para seguir en Naciones Unidas y en el proceso de paz con el expresidente Andr\u00e9s Pastrana.\u00a0 Trabaj\u00f3 un a\u00f1o en la veedur\u00eda del Distrito Capital para recibir la pensi\u00f3n y regresar al pueblo. \u201cTrabaj\u00e9 en el despacho del Presidente, pero no recib\u00eda el sueldo del presidente; trabaj\u00e9 en Naciones Unidas, pero\u00a0 no recib\u00eda el sueldo del secretario de las Naciones Unidas; trabaj\u00e9 en la embajada de Colombia en Buenos Aires, pero no recib\u00eda el sueldo del embajador. Recib\u00ed el sueldo normal, como el de cualquier secretaria&#8221;.<\/p>\n<p>La disciplina es una de sus mayores caracter\u00edsticas y se evidencia en que, hace pocos a\u00f1os, el comit\u00e9 deportivo de Norte de Santander la convoc\u00f3 para una actividad con ni\u00f1os; el objetivo era demostrarles a los padres que no deben quitarles el deporte a los ni\u00f1os. Anita empez\u00f3 desde los 8 a\u00f1os con el deporte y nunca falt\u00f3 al trabajo.<\/p>\n<p>Hoy, con 82 a\u00f1os y la insuficiencia venosa que la aqueja,\u00a0 la inolvidable Anita Morantes\u00a0 cumpli\u00f3 el sue\u00f1o de vivir en Bochalema, en la casa que la vio correr en la infancia con los pies descalzos. Volvi\u00f3 despu\u00e9s de una activa y trabajosa vida que Dios le permiti\u00f3 llevar. Solo espera que vengan a recogerla las camillas celestiales y se siente preparada para la muerte, sobre todo, satisfecha\u00a0 pues gracias a Dios y a la prudencia lleg\u00f3 a ser lo que lo que fue.<\/p>\n<p><strong>DAVID CARRERO <\/strong><\/p>\n<p><strong>Estudiante de Comunicaci\u00f3n Social<\/strong><\/p>\n<p><strong>Universidad de Pamplona<\/strong><\/p>\n<p><strong>Campus de Villa del Rosario<\/strong><\/p>\n<p><strong>Foto: Especial para <a href=\"http:\/\/www.contraluzcuucta.co\">www.contraluzcuucta.co<\/a><\/strong> <\/p>\n","protected":false},"excerpt":{"rendered":"<p>El 18 de mayo de 1875, a las 11:15 de la ma\u00f1ana, ocurri\u00f3 el tr\u00e1gico terremoto en C\u00facuta. El desastre natural obliga a los sobrevivientes a desplazarse a pueblos aleda\u00f1os de la provincia de Pamplona. Mateo Morantes, oriundo de Venezuela, resid\u00eda en la ciudad, y se vio obligado a irse para Bochalema. All\u00ed, se convirti\u00f3 &hellip;<\/p>\n","protected":false},"author":1,"featured_media":28735,"comment_status":"open","ping_status":"open","sticky":false,"template":"","format":"standard","meta":{"footnotes":""},"categories":[17,4],"tags":[2597,161],"class_list":["post-28734","post","type-post","status-publish","format-standard","has-post-thumbnail","hentry","category-conversaciones-a-contraluz","category-barra","tag-aula-universitaria","tag-universidad-de-pamplona"],"_links":{"self":[{"href":"https:\/\/contraluzcucuta.co\/index.php?rest_route=\/wp\/v2\/posts\/28734","targetHints":{"allow":["GET"]}}],"collection":[{"href":"https:\/\/contraluzcucuta.co\/index.php?rest_route=\/wp\/v2\/posts"}],"about":[{"href":"https:\/\/contraluzcucuta.co\/index.php?rest_route=\/wp\/v2\/types\/post"}],"author":[{"embeddable":true,"href":"https:\/\/contraluzcucuta.co\/index.php?rest_route=\/wp\/v2\/users\/1"}],"replies":[{"embeddable":true,"href":"https:\/\/contraluzcucuta.co\/index.php?rest_route=%2Fwp%2Fv2%2Fcomments&post=28734"}],"version-history":[{"count":1,"href":"https:\/\/contraluzcucuta.co\/index.php?rest_route=\/wp\/v2\/posts\/28734\/revisions"}],"predecessor-version":[{"id":28736,"href":"https:\/\/contraluzcucuta.co\/index.php?rest_route=\/wp\/v2\/posts\/28734\/revisions\/28736"}],"wp:featuredmedia":[{"embeddable":true,"href":"https:\/\/contraluzcucuta.co\/index.php?rest_route=\/wp\/v2\/media\/28735"}],"wp:attachment":[{"href":"https:\/\/contraluzcucuta.co\/index.php?rest_route=%2Fwp%2Fv2%2Fmedia&parent=28734"}],"wp:term":[{"taxonomy":"category","embeddable":true,"href":"https:\/\/contraluzcucuta.co\/index.php?rest_route=%2Fwp%2Fv2%2Fcategories&post=28734"},{"taxonomy":"post_tag","embeddable":true,"href":"https:\/\/contraluzcucuta.co\/index.php?rest_route=%2Fwp%2Fv2%2Ftags&post=28734"}],"curies":[{"name":"wp","href":"https:\/\/api.w.org\/{rel}","templated":true}]}}