{"id":28715,"date":"2016-11-24T11:46:20","date_gmt":"2016-11-24T16:46:20","guid":{"rendered":"http:\/\/contraluzcucuta.co\/?p=28715"},"modified":"2016-11-24T11:46:20","modified_gmt":"2016-11-24T16:46:20","slug":"fiestas-de-diciembre-apaga-la-polvora-enciende-las-sonrisas","status":"publish","type":"post","link":"https:\/\/contraluzcucuta.co\/?p=28715","title":{"rendered":"FIESTAS DE DICIEMBRE. \u2018Apaga la p\u00f3lvora, enciende las sonrisas\u2019"},"content":{"rendered":"<p><strong>C\u00daCUTA.-<\/strong> La campa\u00f1a \u2018Apaga la p\u00f3lvora, enciende las sonrisas\u2019 evitar\u00e1 que durante la temporada decembrina y de comienzo de a\u00f1o ocurran casos de quemados por accidentes con p\u00f3lvora. La Polic\u00eda Metropolitana de C\u00facuta, la Gobernaci\u00f3n, el Instituto Colombiano de Bienestar Familiar (ICBF), las alcald\u00edas y los organismos de socorro \u00a0buscan que los habitantes de los seis municipios metropolitanos compartan las tradicionales celebraciones alejados de situaciones de riesgo por uso inadecuado de fuegos artificiales y art\u00edculos pirot\u00e9cnicos.<\/p>\n<p>La presentaci\u00f3n de la campa\u00f1a institucional se llev\u00f3 a cabo en el Megacolegio Jaime Prieto Amaya, del barrio La Libertad, en presencia de m\u00e1s de mil estudiantes y docentes. El mensaje es de prevenci\u00f3n e invitaci\u00f3n a convertirse en multiplicadores para concienciar a la comunidad sobre la importancia de cuidar a ni\u00f1os y adolescentes, y evitar que la p\u00f3lvora se convierta en amenaza latiente para la vida y la integridad.<\/p>\n<p>Mediante obras de teatro se ilustr\u00f3 sobre las consecuencias del uso inadecuado de la p\u00f3lvora. Ning\u00fan elemento a base de esta sustancia es inofensivo y todos pueden causar graves da\u00f1os f\u00edsicos. Las afectaciones por efectos de la p\u00f3lvora van de quemaduras de 1 y 2 grados hasta da\u00f1os oculares, quemaduras y amputaciones de las extremidades.<\/p>\n<p>Los \u2018totes\u2019 son los productos de mayor incidencia en los accidentes. Las fechas de mayor ocurrencia de quemaduras son el 7, 24 y 31 de diciembre, y el 6 de enero. El manejo de la p\u00f3lvora se debe dejar en manos de expertos. Tambi\u00e9n, acarrea consecuencias jur\u00eddicas y sanciones administrativas para los padres de familia.<\/p>\n<p>No se debe permitir que ni\u00f1os y adolescentes tengan contacto con estos elementos o que permanezcan en sitios donde se manipulen, fabriquen, almacenen o se comercialicen.<\/p>\n<p>La informaci\u00f3n ciudadana para evitar hechos lamentables con p\u00f3lvora es fundamental. Las actividades de prevenci\u00f3n se adelantan en Los Patios, Puerto Santander, San Cayetano, El Zulia, Villa del Rosario y C\u00facuta. Mediante controles operativos la polic\u00eda har\u00e1 cumplir los decretos de restricci\u00f3n expedidos por las alcald\u00edas.<\/p>\n<p><strong>Foto: PRENSA MECUC<\/strong><\/p>\n<p>&nbsp; <\/p>\n","protected":false},"excerpt":{"rendered":"<p>C\u00daCUTA.- La campa\u00f1a \u2018Apaga la p\u00f3lvora, enciende las sonrisas\u2019 evitar\u00e1 que durante la temporada decembrina y de comienzo de a\u00f1o ocurran casos de quemados por accidentes con p\u00f3lvora. La Polic\u00eda Metropolitana de C\u00facuta, la Gobernaci\u00f3n, el Instituto Colombiano de Bienestar Familiar (ICBF), las alcald\u00edas y los organismos de socorro \u00a0buscan que los habitantes de los &hellip;<\/p>\n","protected":false},"author":1,"featured_media":28716,"comment_status":"open","ping_status":"open","sticky":false,"template":"","format":"standard","meta":{"footnotes":""},"categories":[11,4],"tags":[323,163,3355],"class_list":["post-28715","post","type-post","status-publish","format-standard","has-post-thumbnail","hentry","category-cronica-roja","category-barra","tag-mecuc","tag-policia-metropolitana","tag-prohiben-polvora"],"_links":{"self":[{"href":"https:\/\/contraluzcucuta.co\/index.php?rest_route=\/wp\/v2\/posts\/28715","targetHints":{"allow":["GET"]}}],"collection":[{"href":"https:\/\/contraluzcucuta.co\/index.php?rest_route=\/wp\/v2\/posts"}],"about":[{"href":"https:\/\/contraluzcucuta.co\/index.php?rest_route=\/wp\/v2\/types\/post"}],"author":[{"embeddable":true,"href":"https:\/\/contraluzcucuta.co\/index.php?rest_route=\/wp\/v2\/users\/1"}],"replies":[{"embeddable":true,"href":"https:\/\/contraluzcucuta.co\/index.php?rest_route=%2Fwp%2Fv2%2Fcomments&post=28715"}],"version-history":[{"count":1,"href":"https:\/\/contraluzcucuta.co\/index.php?rest_route=\/wp\/v2\/posts\/28715\/revisions"}],"predecessor-version":[{"id":28717,"href":"https:\/\/contraluzcucuta.co\/index.php?rest_route=\/wp\/v2\/posts\/28715\/revisions\/28717"}],"wp:featuredmedia":[{"embeddable":true,"href":"https:\/\/contraluzcucuta.co\/index.php?rest_route=\/wp\/v2\/media\/28716"}],"wp:attachment":[{"href":"https:\/\/contraluzcucuta.co\/index.php?rest_route=%2Fwp%2Fv2%2Fmedia&parent=28715"}],"wp:term":[{"taxonomy":"category","embeddable":true,"href":"https:\/\/contraluzcucuta.co\/index.php?rest_route=%2Fwp%2Fv2%2Fcategories&post=28715"},{"taxonomy":"post_tag","embeddable":true,"href":"https:\/\/contraluzcucuta.co\/index.php?rest_route=%2Fwp%2Fv2%2Ftags&post=28715"}],"curies":[{"name":"wp","href":"https:\/\/api.w.org\/{rel}","templated":true}]}}