{"id":28703,"date":"2016-11-22T22:19:43","date_gmt":"2016-11-23T03:19:43","guid":{"rendered":"http:\/\/contraluzcucuta.co\/?p=28703"},"modified":"2016-11-22T22:19:43","modified_gmt":"2016-11-23T03:19:43","slug":"unipamplona-decidido-retirar-mi-aspiracion-para-ser-reelecto-como-rector-elio-serrano","status":"publish","type":"post","link":"https:\/\/contraluzcucuta.co\/?p=28703","title":{"rendered":"UNIPAMPLONA. \u201cHe decidido retirar mi aspiraci\u00f3n para ser reelecto como rector\u201d: Elio Serrano"},"content":{"rendered":"<p>En raz\u00f3n al proceso de elecci\u00f3n del Rector de la Universidad de Pamplona para el per\u00edodo 2017 \u2013 2020, en mi calidad de Rector en ejercicio y de candidato a volver a ocupar el cargo me permito informar lo siguiente:<\/p>\n<p>1.- Cuando postul\u00e9 mi nombre para el periodo rectoral 2013 \u2013 2016 lo hice convencido de que a la instituci\u00f3n se le pod\u00eda dar un nuevo rumbo y que ten\u00eda que reencausarse por el camino de la calidad y la excelencia acad\u00e9mica, teniendo en cuenta los estamentos y siempre pensando, en que de las decisiones que tomara estaba en juego el futuro institucional.<\/p>\n<p>2.- En ese orden de ideas, formul\u00e9, junto a un comprometido equipo de trabajo, un plan de gobierno, que permitiera el cumplimiento de unas metas y objetivos que a la fecha se han ejecutado casi en su totalidad.<\/p>\n<p>3.- Ad portas de culminar mi per\u00edodo pens\u00e9 que era posible darle continuidad a las acciones emprendidas, siempre poniendo por delante la comunidad acad\u00e9mica, el desarrollo y el fortalecimiento institucional, a sabiendas que la Universidad de Pamplona es el principal patrimonio de Pamplona, del departamento Norte de Santander y es deber de todos, protegerla y preservarla en aras de mantener vivo el legado del Padre Jos\u00e9 Rafael Far\u00eda Berm\u00fadez y los principios fundantes que han hecho de ella una instituci\u00f3n s\u00f3lida, libre y aut\u00f3noma.<\/p>\n<p>4.- Siempre he actuado apegado a la ley, quiero a la Universidad de Pamplona y mis ejecutor\u00edas siempre han estado direccionadas hacia el mejoramiento de las condiciones en las que se presta el servicio educativo, al fortalecimiento institucional y a la protecci\u00f3n de la Universidad en todos los niveles.<\/p>\n<p>5.- Por lo anterior, consciente de que he honrado y cumplido mis compromisos y ante la proliferaci\u00f3n desmedida de injurias, calumnias, recusaciones infundadas, an\u00f3nimos, panfletos, pasquines y ataques aleves \u2013 personales y a la propia instituci\u00f3n \u2013 y en aras de preservar y mantener el orden, la calma y sobre todo el buen nombre de la Universidad de Pamplona, que se ha visto afectado con el accionar de quienes ven en la instituci\u00f3n un bot\u00edn diferente al acad\u00e9mico, situaci\u00f3n que rechazo y repudio desde todo punto de vista, he decidido retirar mi aspiraci\u00f3n para ser reelecto como Rector para el per\u00edodo 2017 \u2013 2020, con la plena seguridad de que quienes tienen la responsabilidad de elegir mi sucesor, tomar\u00e1n la decisi\u00f3n m\u00e1s acertada, para el bien de la Universidad y de la educaci\u00f3n superior en nuestra regi\u00f3n. Que Dios los ilumine y les de la claridad necesaria en tan dif\u00edcil tarea.<\/p>\n<p>Agradezco inmensamente, primero a Dios y a la Virgen Mar\u00eda, quienes son mis gu\u00edas en todos mis pasos, a todas las personas que me han apoyado, que me han acompa\u00f1ado y que alentaron mi gesti\u00f3n durante estos cuatro a\u00f1os; a mi familia por ser soporte fundamental durante todo el per\u00edodo y a la comunidad acad\u00e9mica por haberme rodeado en los momentos dif\u00edciles.<\/p>\n<p><strong>ELIO DANIEL SERRANO VELASCO<\/strong><\/p>\n<p><strong>Foto: ARCHIVO <\/strong> <\/p>\n","protected":false},"excerpt":{"rendered":"<p>En raz\u00f3n al proceso de elecci\u00f3n del Rector de la Universidad de Pamplona para el per\u00edodo 2017 \u2013 2020, en mi calidad de Rector en ejercicio y de candidato a volver a ocupar el cargo me permito informar lo siguiente: 1.- Cuando postul\u00e9 mi nombre para el periodo rectoral 2013 \u2013 2016 lo hice convencido &hellip;<\/p>\n","protected":false},"author":1,"featured_media":28704,"comment_status":"open","ping_status":"open","sticky":false,"template":"","format":"standard","meta":{"footnotes":""},"categories":[74,4],"tags":[2597,554,161],"class_list":["post-28703","post","type-post","status-publish","format-standard","has-post-thumbnail","hentry","category-aula-universitaria","category-barra","tag-aula-universitaria","tag-elio-serrano","tag-universidad-de-pamplona"],"_links":{"self":[{"href":"https:\/\/contraluzcucuta.co\/index.php?rest_route=\/wp\/v2\/posts\/28703","targetHints":{"allow":["GET"]}}],"collection":[{"href":"https:\/\/contraluzcucuta.co\/index.php?rest_route=\/wp\/v2\/posts"}],"about":[{"href":"https:\/\/contraluzcucuta.co\/index.php?rest_route=\/wp\/v2\/types\/post"}],"author":[{"embeddable":true,"href":"https:\/\/contraluzcucuta.co\/index.php?rest_route=\/wp\/v2\/users\/1"}],"replies":[{"embeddable":true,"href":"https:\/\/contraluzcucuta.co\/index.php?rest_route=%2Fwp%2Fv2%2Fcomments&post=28703"}],"version-history":[{"count":1,"href":"https:\/\/contraluzcucuta.co\/index.php?rest_route=\/wp\/v2\/posts\/28703\/revisions"}],"predecessor-version":[{"id":28705,"href":"https:\/\/contraluzcucuta.co\/index.php?rest_route=\/wp\/v2\/posts\/28703\/revisions\/28705"}],"wp:featuredmedia":[{"embeddable":true,"href":"https:\/\/contraluzcucuta.co\/index.php?rest_route=\/wp\/v2\/media\/28704"}],"wp:attachment":[{"href":"https:\/\/contraluzcucuta.co\/index.php?rest_route=%2Fwp%2Fv2%2Fmedia&parent=28703"}],"wp:term":[{"taxonomy":"category","embeddable":true,"href":"https:\/\/contraluzcucuta.co\/index.php?rest_route=%2Fwp%2Fv2%2Fcategories&post=28703"},{"taxonomy":"post_tag","embeddable":true,"href":"https:\/\/contraluzcucuta.co\/index.php?rest_route=%2Fwp%2Fv2%2Ftags&post=28703"}],"curies":[{"name":"wp","href":"https:\/\/api.w.org\/{rel}","templated":true}]}}