{"id":28686,"date":"2016-11-20T19:18:24","date_gmt":"2016-11-21T00:18:24","guid":{"rendered":"http:\/\/contraluzcucuta.co\/?p=28686"},"modified":"2016-11-20T19:18:24","modified_gmt":"2016-11-21T00:18:24","slug":"perfil-eduardo-higuera-el-cole-rojo-y-negro","status":"publish","type":"post","link":"https:\/\/contraluzcucuta.co\/?p=28686","title":{"rendered":"PERFIL. Eduardo Higuera: \u2018El cole\u2019 rojo y negro"},"content":{"rendered":"<p><strong>C\u00daCUTA.-<\/strong> Si existe alguien que ame al C\u00facuta Deportivo de manera fiel y apasionada, es Eduardo Higuera. Naci\u00f3 en la perla del norte, el 19 de noviembre de 1964. Estudi\u00f3 primaria en la escuela Juana Rangel # 20 y bachillerato en el Colegio Departamental Integrado Juan Atalaya. Las canas empiezan a aparecer como evidencia de los a\u00f1os que lleva a cuestas.<\/p>\n<p>La infancia la vivi\u00f3 como cualquier otro ni\u00f1o. Entre risas y juegos creci\u00f3 en la primera etapa de la ciudadela Juan Atalaya. Ahora, es padre de cuatro hijos y enviud\u00f3 el 5 de diciembre del 2015. La esposa perdi\u00f3 la batalla contra el c\u00e1ncer. La voz suena entrecortada al narrar las vivencias.<\/p>\n<p>Hace 22 a\u00f1os, tom\u00f3 la decisi\u00f3n de seguir al equipo local de f\u00fatbol, pero con un vestuario particular. La idea apareci\u00f3 despu\u00e9s de observar un partido de la Selecci\u00f3n Colombia, en Barraquilla. Un hombre vestido de c\u00f3ndor y con el tricolor nacional como s\u00edmbolo. Tom\u00f3 la iniciativa de ser \u2018El Cole\u2019 con los colores de la bandera de Norte de Santander. Combina el rojo y el negro en el traje, que adorna con plumas y telas que confecciona. Cada a\u00f1o cambia el modelo del vestuario y tiene dos en el armario.<\/p>\n<p>Higuera sufre y goza con cada partido del club cucute\u00f1o. &#8220;El C\u00facuta es mi equipo del alma, me ha dado tantas tristezas y alegr\u00edas&#8221;, dijo mientras agacha la mirada y sonr\u00ede. La Dimayor lo apoy\u00f3 para que ingresara al estadio General Santander, hasta el 2015. Por diferencias con Jos\u00e9 Augusto Cadena (presidente) no volvi\u00f3 al estadio General Santander. Anhela retornar y alentar a una de las mejores hinchadas de Colombia, la motilona.<\/p>\n<p>El 11\u00a0 de abril del 2007, percibi\u00f3 una gran felicidad. Mientras animaba al once motil\u00f3n contra Gremio de Porto Alegre (Brasil), nac\u00eda el cuarto hijo en el hospital de la ciudad. Record\u00f3 esa \u00e9poca dorada en la que el equipo jug\u00f3 en la Copa Libertadores, evoc\u00f3 el partido contra el Boca Junior (Argentina) y asegur\u00f3 que jam\u00e1s se imagin\u00f3 que le ganara (3-0) a uno de los clubes destacados de Sudam\u00e9rica.<\/p>\n<p>Eduardo es reservado y prudente con lo que dice. No tiene ning\u00fan tipo de rivalidad con los otros hinchas fieles. \u201cTodos somos compa\u00f1eros y tenemos el mismo fin&#8221;. No importa si est\u00e1n vestidos de \u2018pulpos\u2019, \u2018coles\u2019 o \u2018indios\u2019, el sentimiento es igual para todos.<\/p>\n<p>A pesar de las adversidades habr\u00e1 \u2018Cole\u2019 para rato mantendr\u00e1 el \u00a0acompa\u00f1amiento al equipo de sus amores. &#8220;Quiero seguir siendo \u2018El Cole\u2019, hasta el \u00faltimo d\u00eda de mi vida&#8221;. Espera que alguno de sus descendientes varones, lo remplacen cuando parta de este mundo. En el barrio lo conocen y saben que dejar\u00e1 buen legado.<\/p>\n<p>Ama a los hijos por encima de todo y por eso se desempe\u00f1a como jefe de construcci\u00f3n en el elevado de Juan Atalaya. Sue\u00f1a con brindarles buen futuro y encularles el deporte. &#8220;A Daniel, el menor, le gusta el f\u00fatbol y es arquero en la escuela donde pr\u00e1ctica&#8221;.<\/p>\n<p>Est\u00e1 dedicado al empleo y al hogar, en casa desempe\u00f1a el rol de mam\u00e1 y pap\u00e1 a la vez. Aunque no va al estadio, trabaja para la Gobernaci\u00f3n en actos deportivos y luce la vestimenta. Recibe el salario m\u00ednimo como pago por las labores y en los ratos libres comparte con los padres. \u2018El Cole\u2019 se despide, agradece por permitirle contar la historia y contin\u00faa la jornada laboral.<\/p>\n<p><strong>PAOLA OICAT\u00c1<\/strong><\/p>\n<p><strong>Estudiante de Comunicaci\u00f3n Social<\/strong><\/p>\n<p><strong>Universidad de Pamplona<\/strong><\/p>\n<p><strong>Campus de Villa del Rosario<\/strong><\/p>\n<p><strong>Foto: Especial para <\/strong><a href=\"http:\/\/www.contraluzcucuta.co\"><strong>www.contraluzcucuta.co<\/strong><\/a><\/p>\n<p>&nbsp;<\/p>\n<p>&nbsp;<\/p>\n<p>&nbsp; <\/p>\n","protected":false},"excerpt":{"rendered":"<p>C\u00daCUTA.- Si existe alguien que ame al C\u00facuta Deportivo de manera fiel y apasionada, es Eduardo Higuera. Naci\u00f3 en la perla del norte, el 19 de noviembre de 1964. Estudi\u00f3 primaria en la escuela Juana Rangel # 20 y bachillerato en el Colegio Departamental Integrado Juan Atalaya. Las canas empiezan a aparecer como evidencia de &hellip;<\/p>\n","protected":false},"author":1,"featured_media":28687,"comment_status":"open","ping_status":"open","sticky":false,"template":"","format":"standard","meta":{"footnotes":""},"categories":[4,28],"tags":[2597,2628,3354,1166,161],"class_list":["post-28686","post","type-post","status-publish","format-standard","has-post-thumbnail","hentry","category-barra","category-vistazo-deportivo","tag-aula-universitaria","tag-cucuta-deportivo-2016","tag-el-cole","tag-estadio-general-santander","tag-universidad-de-pamplona"],"_links":{"self":[{"href":"https:\/\/contraluzcucuta.co\/index.php?rest_route=\/wp\/v2\/posts\/28686","targetHints":{"allow":["GET"]}}],"collection":[{"href":"https:\/\/contraluzcucuta.co\/index.php?rest_route=\/wp\/v2\/posts"}],"about":[{"href":"https:\/\/contraluzcucuta.co\/index.php?rest_route=\/wp\/v2\/types\/post"}],"author":[{"embeddable":true,"href":"https:\/\/contraluzcucuta.co\/index.php?rest_route=\/wp\/v2\/users\/1"}],"replies":[{"embeddable":true,"href":"https:\/\/contraluzcucuta.co\/index.php?rest_route=%2Fwp%2Fv2%2Fcomments&post=28686"}],"version-history":[{"count":1,"href":"https:\/\/contraluzcucuta.co\/index.php?rest_route=\/wp\/v2\/posts\/28686\/revisions"}],"predecessor-version":[{"id":28688,"href":"https:\/\/contraluzcucuta.co\/index.php?rest_route=\/wp\/v2\/posts\/28686\/revisions\/28688"}],"wp:featuredmedia":[{"embeddable":true,"href":"https:\/\/contraluzcucuta.co\/index.php?rest_route=\/wp\/v2\/media\/28687"}],"wp:attachment":[{"href":"https:\/\/contraluzcucuta.co\/index.php?rest_route=%2Fwp%2Fv2%2Fmedia&parent=28686"}],"wp:term":[{"taxonomy":"category","embeddable":true,"href":"https:\/\/contraluzcucuta.co\/index.php?rest_route=%2Fwp%2Fv2%2Fcategories&post=28686"},{"taxonomy":"post_tag","embeddable":true,"href":"https:\/\/contraluzcucuta.co\/index.php?rest_route=%2Fwp%2Fv2%2Ftags&post=28686"}],"curies":[{"name":"wp","href":"https:\/\/api.w.org\/{rel}","templated":true}]}}