{"id":28683,"date":"2016-11-20T19:09:21","date_gmt":"2016-11-21T00:09:21","guid":{"rendered":"http:\/\/contraluzcucuta.co\/?p=28683"},"modified":"2016-11-20T19:47:27","modified_gmt":"2016-11-21T00:47:27","slug":"festival-patiense-folclor-cultura-cuji-de-oro-y-reinado-de-la-arcilla","status":"publish","type":"post","link":"https:\/\/contraluzcucuta.co\/?p=28683","title":{"rendered":"FESTIVAL PATIENSE. Folclor, cultura, Cuj\u00ed de Oro y reinado de la arcilla"},"content":{"rendered":"<p><strong>LOS PATIOS \u2013 Norte de Santander.-<\/strong> Los patienses vivir\u00e1n, del 3 al 11 de diciembre el Festival folcl\u00f3rico y cultural, promovido por la Alcald\u00eda, con respaldo de la empresa privada. La presentaci\u00f3n oficial de la programaci\u00f3n se cumpli\u00f3 este fin de semana en la Casa de la Cultura, por parte del alcalde Diego Gonz\u00e1lez.<\/p>\n<p>Entre los atractivos est\u00e1 la vuelta del concurso de la canci\u00f3n Cuj\u00ed de Oro, con la participaci\u00f3n de orquestas locales en procura del reconocimiento art\u00edstico. La feria microempresarial y tecnol\u00f3gica y la velada de elecci\u00f3n y coronaci\u00f3n de la Reina de la Arcilla son otros atractivos para visitar al vecino municipio en esos d\u00edas.<\/p>\n<p>Los nortesantandereanos podr\u00e1n disfrutar con las presentaciones de Jhonny White, The Mixtape, Giovanni Ayala, Luis Silva, Mr. Black, Magic Juan, El Gran Mart\u00edn El\u00edas y el cucute\u00f1o Ciro Qui\u00f1ones.<\/p>\n<p>La programaci\u00f3n es la siguiente.<\/p>\n<ul>\n<li>3 de diciembre. Festival equino, desfile de carrozas y comparsas, y encuentro de minitecas.<\/li>\n<li>4 de diciembre. Desfile de autos y motos.<\/li>\n<li>&#8211; de diciembre. Clausura de escuelas de formaci\u00f3n art\u00edstica.<\/li>\n<li>6 de diciembre. Concurso de la canci\u00f3n Cuj\u00ed de Oro. Presentaci\u00f3n de Tatiana \u2018La baby flow\u2019.<\/li>\n<li>7 de diciembre. Carrera de colores, festival de la juventud.<\/li>\n<li>8 de diciembre. Feria microempresarial y tecnol\u00f3gica, festival de la inclusi\u00f3n, muestra de talento de las candidatas al reinado departamental de la arcilla.<\/li>\n<li>9 de diciembre. Desfile en traje de ba\u00f1o de las candidatas al reinado departamental de la arcilla, cabalgata, festival de orquestas regionales Cuj\u00ed de Oro, conciertos.<\/li>\n<li>10 de diciembre. Eucarist\u00eda por el 31 aniversario del municipio, en la iglesia San Juan E., festival de orquestas.<\/li>\n<li>Concierto, festival de murgas, festival de orquestas regionales, elecci\u00f3n y coronaci\u00f3n de la reina departamental de la arcilla.<\/li>\n<\/ul>\n<p><strong>Foto: MARCO S\u00daA \u2013 PRENSA LOS PATIOS<\/strong><\/p>\n<p>&nbsp;<\/p>\n<p>&nbsp;<\/p>\n<p>&nbsp;<\/p>\n<p>&nbsp; <\/p>\n","protected":false},"excerpt":{"rendered":"<p>LOS PATIOS \u2013 Norte de Santander.- Los patienses vivir\u00e1n, del 3 al 11 de diciembre el Festival folcl\u00f3rico y cultural, promovido por la Alcald\u00eda, con respaldo de la empresa privada. La presentaci\u00f3n oficial de la programaci\u00f3n se cumpli\u00f3 este fin de semana en la Casa de la Cultura, por parte del alcalde Diego Gonz\u00e1lez. Entre &hellip;<\/p>\n","protected":false},"author":1,"featured_media":28684,"comment_status":"open","ping_status":"open","sticky":false,"template":"","format":"standard","meta":{"footnotes":""},"categories":[45,4],"tags":[1984,3351,3353,3350,3352],"class_list":["post-28683","post","type-post","status-publish","format-standard","has-post-thumbnail","hentry","category-destacado","category-barra","tag-alcaldia-de-los-patios","tag-cuji-de-oro","tag-diego-gonzalez","tag-festival-patiense","tag-reinado-de-la-arcilla"],"_links":{"self":[{"href":"https:\/\/contraluzcucuta.co\/index.php?rest_route=\/wp\/v2\/posts\/28683","targetHints":{"allow":["GET"]}}],"collection":[{"href":"https:\/\/contraluzcucuta.co\/index.php?rest_route=\/wp\/v2\/posts"}],"about":[{"href":"https:\/\/contraluzcucuta.co\/index.php?rest_route=\/wp\/v2\/types\/post"}],"author":[{"embeddable":true,"href":"https:\/\/contraluzcucuta.co\/index.php?rest_route=\/wp\/v2\/users\/1"}],"replies":[{"embeddable":true,"href":"https:\/\/contraluzcucuta.co\/index.php?rest_route=%2Fwp%2Fv2%2Fcomments&post=28683"}],"version-history":[{"count":2,"href":"https:\/\/contraluzcucuta.co\/index.php?rest_route=\/wp\/v2\/posts\/28683\/revisions"}],"predecessor-version":[{"id":28690,"href":"https:\/\/contraluzcucuta.co\/index.php?rest_route=\/wp\/v2\/posts\/28683\/revisions\/28690"}],"wp:featuredmedia":[{"embeddable":true,"href":"https:\/\/contraluzcucuta.co\/index.php?rest_route=\/wp\/v2\/media\/28684"}],"wp:attachment":[{"href":"https:\/\/contraluzcucuta.co\/index.php?rest_route=%2Fwp%2Fv2%2Fmedia&parent=28683"}],"wp:term":[{"taxonomy":"category","embeddable":true,"href":"https:\/\/contraluzcucuta.co\/index.php?rest_route=%2Fwp%2Fv2%2Fcategories&post=28683"},{"taxonomy":"post_tag","embeddable":true,"href":"https:\/\/contraluzcucuta.co\/index.php?rest_route=%2Fwp%2Fv2%2Ftags&post=28683"}],"curies":[{"name":"wp","href":"https:\/\/api.w.org\/{rel}","templated":true}]}}