{"id":28680,"date":"2016-11-20T18:34:12","date_gmt":"2016-11-20T23:34:12","guid":{"rendered":"http:\/\/contraluzcucuta.co\/?p=28680"},"modified":"2016-11-20T18:34:12","modified_gmt":"2016-11-20T23:34:12","slug":"universidad-al-barrio-la-convocatoria-estara-abierta-hasta-el-6-de-diciembre","status":"publish","type":"post","link":"https:\/\/contraluzcucuta.co\/?p=28680","title":{"rendered":"UNIVERSIDAD AL BARRIO. La convocatoria estar\u00e1 abierta hasta el 6 de diciembre."},"content":{"rendered":"<p><strong>C\u00daCUTA.-<\/strong> La Alcald\u00eda de C\u00facuta y la Universidad de Pamplona unieron esfuerzos \u00a0para iniciar el\u00a0 convenio \u2018Universidad al Barrio\u2019. El objeto es implementar un programa subsidiado que permita el acceso a la educaci\u00f3n superior a estudiantes de menos recursos y en programas implementados en escenarios educativos propicios en el municipio.<\/p>\n<p>La convocatoria, dirigida a bachilleres de los colegios cucute\u00f1os, estar\u00e1 abierta hasta el 6 de diciembre. Otros datos de inter\u00e9s son los siguientes:<\/p>\n<p>1.- Evaluaci\u00f3n y Asignaci\u00f3n de Beneficios. 15 y 16 diciembre<\/p>\n<p>2.- Publicaci\u00f3n de la lista de admitidos y beneficiarios. Del 4 al 10 de enero<\/p>\n<p>3.- Matr\u00edculas Financieras. Del 4 al 23 de enero<\/p>\n<p>4.- Reuni\u00f3n de bienvenida al programa \u2018Universidad al Barrio\u2019. \u00a031 de enero<\/p>\n<p>5.- Matr\u00edculas Acad\u00e9micas. Del 10 al 24 de enero<\/p>\n<p>6.- Jornada de inducci\u00f3n a estudiantes nuevos. Del 1 al 3 de febrero de 2017<\/p>\n<p>7.- Inicio de clases. 7 de febrero.<\/p>\n<p>La convocatoria favorece a los graduados pertenecientes a los siguientes sectores:<\/p>\n<p>SEDE COLEGIO PABLO CORREA LEON<\/p>\n<p><strong>COMUNA 3. SURORIENTAL:<\/strong> Aguas Calientes, Bellavista, Bocon\u00f3, Bogot\u00e1, Luis P\u00e9rez Hern\u00e1ndez, Morelli, La Carolina, La Uni\u00f3n, La Libertad, Policarpa, San Mateo, Santa Ana, Las Margaritas, Valle Esther, Urbanizaci\u00f3n Santa Ana.<\/p>\n<p><strong>COMUNA 4. ORIENTAL: <\/strong>Alto Pamplonita, Aniversario II, El Escobal, Rafael Garc\u00eda Herreros, Mart\u00edn, L\u00f3pez, 13 de Marzo, Los Mangos, La Alameda, Isla de la Fantas\u00eda, La Quinta, Nuevo Escobal, Pamplonita, Portal del Escobal, San Jos\u00e9, San Luis Bajo, San Mart\u00edn, Santa Clara, Santa Teresa, Sector el Higuer\u00f3n, Chiveras, Torcoroma, Urbanizaci\u00f3n San Mart\u00edn<\/p>\n<p><strong>COMUNA 6. NORTE:<\/strong> Aeropuerto, Alonsito, Cerro la Cruz, Cerro Norte, Colinas de la Victoria, Carlos, Toledo Plata, Mar\u00eda Paz, La Isla, Nueva Colombia, Olga Teresa, Cecilia Castro, Carlos Pizarro, Divino Ni\u00f1o, 6 de Mayo, Brisas del Aeropuerto, Rafael N\u00fa\u00f1ez, Carlos Garc\u00eda Lozada, Esperanza Mart\u00ednez, 8 de Diciembre, Porvenir, Salado, San Gerardo, La Insula, Panamericano, Virgilio Barco, las Am\u00e9ricas.<\/p>\n<p>&nbsp;<\/p>\n<p>SEDE COLEGIO DEPARTAMENTAL INTEGRADO JUAN ATALAYA<\/p>\n<p><strong>COMUNA 7. NOROCCIDENTAL:<\/strong> Buenos Aires, Chapinero, Claret, Comuneros, La Florida, La Hermita, La Primavera, Las Am\u00e9ricas, Motilones, Ospina P\u00e9rez, Camilo Daza, Para\u00edso, Rosal del Norte, Tucunar\u00e9.<\/p>\n<p><strong>COMUNA 8. OCCIDENTAL<\/strong>: Antonia Santos, Atalaya I, II, III, Belisario, Cerro Pico, C\u00facuta 75, Carlos Ram\u00edrez Par\u00eds, Do\u00f1a Nidia, El Progreso, El Rodeo, El Desierto, La Victoria, Los Almendros, Ni\u00f1a Ceci, Palmeras, Los Olivos, El Oasis.<\/p>\n<p><strong>COMUNA 9. SUROCCIDENTAL<\/strong>: Barrio Nuevo, Bel\u00e9n, Carora, Cundinamarca, Divina Pastora, Gait\u00e1n parte Alta, La Aurora, Las Colinas, Loma de Bol\u00edvar, Los Alpes, Pueblo Nuevo, Rudesindo Soto, San Miguel.<\/p>\n<p>Los programas acad\u00e9micos acordados con la Universidad de Pamplona son:<\/p>\n<p><strong>Presenciales:<\/strong><\/p>\n<p>Licenciatura en Educaci\u00f3n Art\u00edstica y Cultural.<\/p>\n<p>Licenciatura en Lengua Castellana y Comunicaci\u00f3n.<\/p>\n<p><strong>A distancia: <\/strong><\/p>\n<p>Administraci\u00f3n de Empresas<\/p>\n<p>Contadur\u00eda P\u00fablica<\/p>\n<p>Econom\u00eda<\/p>\n<p>Licenciatura en Educaci\u00f3n F\u00edsica Recreaci\u00f3n y Deportes.<\/p>\n<p><strong>Foto: <a href=\"http:\/\/www.semcucuta.gov.co\">www.semcucuta.gov.co<\/a><\/strong><\/p>\n<p>&nbsp;<\/p>\n<p>&nbsp; <\/p>\n","protected":false},"excerpt":{"rendered":"<p>C\u00daCUTA.- La Alcald\u00eda de C\u00facuta y la Universidad de Pamplona unieron esfuerzos \u00a0para iniciar el\u00a0 convenio \u2018Universidad al Barrio\u2019. El objeto es implementar un programa subsidiado que permita el acceso a la educaci\u00f3n superior a estudiantes de menos recursos y en programas implementados en escenarios educativos propicios en el municipio. La convocatoria, dirigida a bachilleres &hellip;<\/p>\n","protected":false},"author":1,"featured_media":28681,"comment_status":"open","ping_status":"open","sticky":false,"template":"","format":"standard","meta":{"footnotes":""},"categories":[2625,4],"tags":[3237,3202,2969],"class_list":["post-28680","post","type-post","status-publish","format-standard","has-post-thumbnail","hentry","category-alcaldia-de-cucuta","category-barra","tag-indira-perez","tag-secretaria-de-educacion-municipal","tag-universidad-al-barrio"],"_links":{"self":[{"href":"https:\/\/contraluzcucuta.co\/index.php?rest_route=\/wp\/v2\/posts\/28680","targetHints":{"allow":["GET"]}}],"collection":[{"href":"https:\/\/contraluzcucuta.co\/index.php?rest_route=\/wp\/v2\/posts"}],"about":[{"href":"https:\/\/contraluzcucuta.co\/index.php?rest_route=\/wp\/v2\/types\/post"}],"author":[{"embeddable":true,"href":"https:\/\/contraluzcucuta.co\/index.php?rest_route=\/wp\/v2\/users\/1"}],"replies":[{"embeddable":true,"href":"https:\/\/contraluzcucuta.co\/index.php?rest_route=%2Fwp%2Fv2%2Fcomments&post=28680"}],"version-history":[{"count":1,"href":"https:\/\/contraluzcucuta.co\/index.php?rest_route=\/wp\/v2\/posts\/28680\/revisions"}],"predecessor-version":[{"id":28682,"href":"https:\/\/contraluzcucuta.co\/index.php?rest_route=\/wp\/v2\/posts\/28680\/revisions\/28682"}],"wp:featuredmedia":[{"embeddable":true,"href":"https:\/\/contraluzcucuta.co\/index.php?rest_route=\/wp\/v2\/media\/28681"}],"wp:attachment":[{"href":"https:\/\/contraluzcucuta.co\/index.php?rest_route=%2Fwp%2Fv2%2Fmedia&parent=28680"}],"wp:term":[{"taxonomy":"category","embeddable":true,"href":"https:\/\/contraluzcucuta.co\/index.php?rest_route=%2Fwp%2Fv2%2Fcategories&post=28680"},{"taxonomy":"post_tag","embeddable":true,"href":"https:\/\/contraluzcucuta.co\/index.php?rest_route=%2Fwp%2Fv2%2Ftags&post=28680"}],"curies":[{"name":"wp","href":"https:\/\/api.w.org\/{rel}","templated":true}]}}