{"id":28677,"date":"2016-11-20T18:07:55","date_gmt":"2016-11-20T23:07:55","guid":{"rendered":"http:\/\/contraluzcucuta.co\/?p=28677"},"modified":"2016-11-20T18:07:55","modified_gmt":"2016-11-20T23:07:55","slug":"nuevo-codigo-de-policia-la-prioridad-es-la-resolucion-pacifica-de-conflictos","status":"publish","type":"post","link":"https:\/\/contraluzcucuta.co\/?p=28677","title":{"rendered":"NUEVO C\u00d3DIGO DE POLIC\u00cdA. La prioridad es la resoluci\u00f3n pac\u00edfica de conflictos,"},"content":{"rendered":"<p><strong>C\u00daCUTA.-<\/strong> El di\u00e1logo abierto y franco con la comunidad para garantizar la sana convivencia y una resoluci\u00f3n pac\u00edfica de conflictos, son herramientas fundamentales en el nuevo C\u00f3digo de Polic\u00eda. As\u00ed lo se\u00f1al\u00f3 el secretario de Gobierno del departamento, Yebrail Haddad Linero, en el Foro sobre M\u00e9todos Alternativos de Soluci\u00f3n en Conflictos.<\/p>\n<p>El documento entrar\u00e1 en vigencia el 20 de enero, por lo que hay af\u00e1n para que alcaldes, personeros, secretarios de Gobierno, defensores p\u00fablicos, funcionarios de la Defensor\u00eda del Pueblo (Oca\u00f1a y Norte de Santander) e inspectores de polic\u00eda conozcan el contenido.<\/p>\n<p>Las capacitaciones buscan generar espacios entre autoridades civiles y \u00a0acad\u00e9micas, funcionarios, uniformados y estudiantes. El objetivo es socializar los mecanismos de prevenci\u00f3n y soluci\u00f3n de conflictos en cumplimiento del Nuevo C\u00f3digo.<\/p>\n<p>\u201cDebemos estar preparados para la entrada en vigencia del nuevo C\u00f3digo y es por eso que debemos propiciar la comprensi\u00f3n y la apropiaci\u00f3n de conceptos y procedimientos, que permitan la atenci\u00f3n adecuada a las situaciones que alteren la convivencia ciudadana\u201d, precis\u00f3 el funcionario.<\/p>\n<p>Las ponencias estuvieron a cargo de experimentados conferenciantes y relacionadas con el contexto general del C\u00f3digo, mecanismos alternativos de soluci\u00f3n de conflictos y convivencia y seguridad ciudadanas.<\/p>\n<p><strong>Foto: PRENSA GOBERNACI\u00d3N<\/strong><\/p>\n<p>&nbsp; <\/p>\n","protected":false},"excerpt":{"rendered":"<p>C\u00daCUTA.- El di\u00e1logo abierto y franco con la comunidad para garantizar la sana convivencia y una resoluci\u00f3n pac\u00edfica de conflictos, son herramientas fundamentales en el nuevo C\u00f3digo de Polic\u00eda. As\u00ed lo se\u00f1al\u00f3 el secretario de Gobierno del departamento, Yebrail Haddad Linero, en el Foro sobre M\u00e9todos Alternativos de Soluci\u00f3n en Conflictos. El documento entrar\u00e1 en &hellip;<\/p>\n","protected":false},"author":1,"featured_media":28678,"comment_status":"open","ping_status":"open","sticky":false,"template":"","format":"standard","meta":{"footnotes":""},"categories":[2630],"tags":[379,3301],"class_list":["post-28677","post","type-post","status-publish","format-standard","has-post-thumbnail","hentry","category-gobernacion","tag-gobernacion-de-norte-de-santander","tag-nuevo-codigo-de-policia"],"_links":{"self":[{"href":"https:\/\/contraluzcucuta.co\/index.php?rest_route=\/wp\/v2\/posts\/28677","targetHints":{"allow":["GET"]}}],"collection":[{"href":"https:\/\/contraluzcucuta.co\/index.php?rest_route=\/wp\/v2\/posts"}],"about":[{"href":"https:\/\/contraluzcucuta.co\/index.php?rest_route=\/wp\/v2\/types\/post"}],"author":[{"embeddable":true,"href":"https:\/\/contraluzcucuta.co\/index.php?rest_route=\/wp\/v2\/users\/1"}],"replies":[{"embeddable":true,"href":"https:\/\/contraluzcucuta.co\/index.php?rest_route=%2Fwp%2Fv2%2Fcomments&post=28677"}],"version-history":[{"count":1,"href":"https:\/\/contraluzcucuta.co\/index.php?rest_route=\/wp\/v2\/posts\/28677\/revisions"}],"predecessor-version":[{"id":28679,"href":"https:\/\/contraluzcucuta.co\/index.php?rest_route=\/wp\/v2\/posts\/28677\/revisions\/28679"}],"wp:featuredmedia":[{"embeddable":true,"href":"https:\/\/contraluzcucuta.co\/index.php?rest_route=\/wp\/v2\/media\/28678"}],"wp:attachment":[{"href":"https:\/\/contraluzcucuta.co\/index.php?rest_route=%2Fwp%2Fv2%2Fmedia&parent=28677"}],"wp:term":[{"taxonomy":"category","embeddable":true,"href":"https:\/\/contraluzcucuta.co\/index.php?rest_route=%2Fwp%2Fv2%2Fcategories&post=28677"},{"taxonomy":"post_tag","embeddable":true,"href":"https:\/\/contraluzcucuta.co\/index.php?rest_route=%2Fwp%2Fv2%2Ftags&post=28677"}],"curies":[{"name":"wp","href":"https:\/\/api.w.org\/{rel}","templated":true}]}}