{"id":28674,"date":"2016-11-20T17:44:46","date_gmt":"2016-11-20T22:44:46","guid":{"rendered":"http:\/\/contraluzcucuta.co\/?p=28674"},"modified":"2016-11-20T17:44:46","modified_gmt":"2016-11-20T22:44:46","slug":"notas-al-margen-que-ocurre-entre-nosotros","status":"publish","type":"post","link":"https:\/\/contraluzcucuta.co\/?p=28674","title":{"rendered":"NOTAS AL MARGEN. \u00bfQu\u00e9 ocurre entre nosotros?"},"content":{"rendered":"<p>&nbsp;<\/p>\n<p>1.- Algo serio y grave ocurre entre nosotros y sin que lo capten o mencionen quienes por su oficio o voluntad de servicio han escogido la informaci\u00f3n, la noticia o el comentario para medir, pulsar o narrar lo que acontece. Nos referimos al olvido de lo propio, a las carencias de un mayor esp\u00edritu de pertenencia, a la defensa y proyecci\u00f3n de lo que nos es nuestro y valedero. S\u00ed, a lo que no debemos olvidar, relegar\u00a0 o calificar a segundos o terceros planos, porque tenemos el deber de darle vigencia y proyecci\u00f3n a lo propio y leg\u00edtimo.<\/p>\n<p>Y, entre\u00a0 esa gama de factores, todo lo que tiene o hace referencia a la frontera y a lo que le ha otorgado referencia y primac\u00eda, por su\u00a0 valor e importancia, como ocurre con el Complejo Hist\u00f3rico del Parque Grancolombiano &#8211; que recuerda y es cita constante del m\u00e1s importante suceso\u00a0 hist\u00f3rico integracionista sucedido en el Continente y al 53 % de la faja\u00a0 territorial\u00a0 nacional \u2013 no se\u00a0 les otorga la atenci\u00f3n y\u00a0 primac\u00edas, que son indispensables para mantener, destacar y valorar la importancia de lo que representan &#8211; una y otra referencia &#8211; en el contexto de nuestra vivencia y trascendencia colombiana y americanista.<\/p>\n<p>2.- Y, para ser m\u00e1s directos y claros \u00bfqui\u00e9nes\u00a0 defienden el lugar, la obra y la proyecci\u00f3n de lo que es y debe ser el Parque de la Gran Colombia y sus referencias hist\u00f3ricas, que deben constar de una aut\u00e9ntica expresi\u00f3n sobre lo que en sus inmediaciones se cumpli\u00f3 y sin olvidar lo que significa y representa el aporte e historial de nuestros\u00a0 m\u00e1s leg\u00edtimos exponentes? \u00bfQui\u00e9nes analizan lo que ocurre con el olvido y marginamiento centralista y la apat\u00eda desarrollista de los que dominan el poder, sobre la suerte y las perspectivas regionales? \u00bfHay alguna medici\u00f3n sobre lo que acontece en lo comercial e industrial y en el grado y capacidad representativa del empresariado regional?<\/p>\n<p>3.- S\u00ed, es cierto que se necesita mejorar servicios primarios, pero \u00bfcu\u00e1l es el proyecto que dimensionar\u00e1 y destacar\u00e1 lo que es y representa el Parque hist\u00f3rico e integracionista m\u00e1s importante de Am\u00e9rica? \u00bfCon qui\u00e9nes y con qu\u00e9 est\u00edmulos, incentivos y mecanismos opera la Comisi\u00f3n extraordinaria y especial de la frontera con Venezuela, que debiera estar laborando \u2013despu\u00e9s de m\u00e1s de 15 meses de cierre &#8211;\u00a0 para rescatar el porvenir fronterizo e impulsar lo que se debe incentivar y hacer, tanto\u00a0 para el presente, como para\u00a0 el mediano y largo plazos?<\/p>\n<p>Si se sigue como vamos y nos quedamos como estamos, nunca llegaremos a lo que todos anhelamos. S\u00ed, hay que propiciar, estimular y otorgarle \u00e1nimo a un cambio profundo y verdadero para que la innovaci\u00f3n, el replanteamiento de opciones y la renovaci\u00f3n de cuadros permitan un accionar y desarrollo m\u00e1s all\u00e1 de la constante espera\u00a0 y de quienes no comprenden la magnitud\u00a0 de lo que estamos extraviando. La regi\u00f3n no puede continuar aislada, ni pendiente de la voluntad o capricho, de los que piensan y creen que C\u00facuta, Oca\u00f1a, Pamplona y los dem\u00e1s municipios son tan solo lugares de paso o de tanteo, para iniciativas y proyectos de momento, cuando lo que hay son unas perspectivas inmensas si se logra penetrar en lo cierto, investigar, trabajar en equipo, capacitar y obrar con entusiasmo.<\/p>\n<p><strong>JOS\u00c9 NEIRA REY<\/strong><\/p>\n<p><a href=\"mailto:jneirarey@hotmail.com\">jneirarey@hotmail.com<\/a><\/p>\n<p><strong>Foto: ANGIE ARROYO<\/strong><\/p>\n<p>&nbsp;<\/p>\n<p>&nbsp; <\/p>\n","protected":false},"excerpt":{"rendered":"<p>&nbsp; 1.- Algo serio y grave ocurre entre nosotros y sin que lo capten o mencionen quienes por su oficio o voluntad de servicio han escogido la informaci\u00f3n, la noticia o el comentario para medir, pulsar o narrar lo que acontece. Nos referimos al olvido de lo propio, a las carencias de un mayor esp\u00edritu &hellip;<\/p>\n","protected":false},"author":1,"featured_media":28675,"comment_status":"open","ping_status":"open","sticky":false,"template":"","format":"standard","meta":{"footnotes":""},"categories":[14,4],"tags":[382,956,2208],"class_list":["post-28674","post","type-post","status-publish","format-standard","has-post-thumbnail","hentry","category-articulistas","category-barra","tag-jose-neira","tag-notas-al-margen","tag-templo-historico"],"_links":{"self":[{"href":"https:\/\/contraluzcucuta.co\/index.php?rest_route=\/wp\/v2\/posts\/28674","targetHints":{"allow":["GET"]}}],"collection":[{"href":"https:\/\/contraluzcucuta.co\/index.php?rest_route=\/wp\/v2\/posts"}],"about":[{"href":"https:\/\/contraluzcucuta.co\/index.php?rest_route=\/wp\/v2\/types\/post"}],"author":[{"embeddable":true,"href":"https:\/\/contraluzcucuta.co\/index.php?rest_route=\/wp\/v2\/users\/1"}],"replies":[{"embeddable":true,"href":"https:\/\/contraluzcucuta.co\/index.php?rest_route=%2Fwp%2Fv2%2Fcomments&post=28674"}],"version-history":[{"count":1,"href":"https:\/\/contraluzcucuta.co\/index.php?rest_route=\/wp\/v2\/posts\/28674\/revisions"}],"predecessor-version":[{"id":28676,"href":"https:\/\/contraluzcucuta.co\/index.php?rest_route=\/wp\/v2\/posts\/28674\/revisions\/28676"}],"wp:featuredmedia":[{"embeddable":true,"href":"https:\/\/contraluzcucuta.co\/index.php?rest_route=\/wp\/v2\/media\/28675"}],"wp:attachment":[{"href":"https:\/\/contraluzcucuta.co\/index.php?rest_route=%2Fwp%2Fv2%2Fmedia&parent=28674"}],"wp:term":[{"taxonomy":"category","embeddable":true,"href":"https:\/\/contraluzcucuta.co\/index.php?rest_route=%2Fwp%2Fv2%2Fcategories&post=28674"},{"taxonomy":"post_tag","embeddable":true,"href":"https:\/\/contraluzcucuta.co\/index.php?rest_route=%2Fwp%2Fv2%2Ftags&post=28674"}],"curies":[{"name":"wp","href":"https:\/\/api.w.org\/{rel}","templated":true}]}}