{"id":28662,"date":"2016-11-17T11:22:43","date_gmt":"2016-11-17T16:22:43","guid":{"rendered":"http:\/\/contraluzcucuta.co\/?p=28662"},"modified":"2016-11-17T11:22:43","modified_gmt":"2016-11-17T16:22:43","slug":"ifinorte-asamblea-debatio-presupuesto-de-la-vigencia-2016","status":"publish","type":"post","link":"https:\/\/contraluzcucuta.co\/?p=28662","title":{"rendered":"IFINORTE. Asamblea debati\u00f3 presupuesto de la vigencia 2016"},"content":{"rendered":"<p><strong>C\u00daCUTA.-<\/strong> El gerente Carlos Amarildo Garc\u00eda y el equipo de trabajo, integrado por \u00c1lvaro Ure\u00f1a, subgerente financiero, y Vicente Chac\u00f3n, subgerente jur\u00eddico, estuvieron atentos a la deliberaci\u00f3n de los diputados sobre el presupuesto del Instituto Financiero para el Desarrollo de Norte de Santander (Ifinorte). El debate se dio en la Comisi\u00f3n Primera de la Asamblea.<\/p>\n<p>En desarrollo de la reuni\u00f3n se inform\u00f3 que Ifinorte fue creado para generar desarrollo econ\u00f3mico y social en el Departamento, mediante la prestaci\u00f3n de servicios financieros. En el 2016, la entidad manej\u00f3 $ 7.384,9 millones. Igualmente, se han respaldado cr\u00e9ditos y convenios que benefician a los nortesantandereanos.<\/p>\n<p>Los diputados consideraron necesario seleccionar con cautela a quienes acceder\u00e1n a cr\u00e9ditos de la entidad para que no se origine una crisis financiera al momento de no tener consistencia en los pagos por parte de los acreedores.<\/p>\n<p>\u201cCada pr\u00e9stamo aprobado tiene una p\u00f3liza de seguro que cubre alg\u00fan imprevisto que se presente durante el recaudo\u201d; respondi\u00f3 el gerente Garc\u00eda a la inquietud de los dirigentes pol\u00edticos.<\/p>\n<p>En el debate participaron Ruth Rodr\u00edguez, tesorera general del departamento, y Luis Hernando Torres, jefe de presupuesto.<\/p>\n<p><strong>Foto: PRENSA GOBERNACI\u00d3N<\/strong><\/p>\n<p>&nbsp; <\/p>\n","protected":false},"excerpt":{"rendered":"<p>C\u00daCUTA.- El gerente Carlos Amarildo Garc\u00eda y el equipo de trabajo, integrado por \u00c1lvaro Ure\u00f1a, subgerente financiero, y Vicente Chac\u00f3n, subgerente jur\u00eddico, estuvieron atentos a la deliberaci\u00f3n de los diputados sobre el presupuesto del Instituto Financiero para el Desarrollo de Norte de Santander (Ifinorte). El debate se dio en la Comisi\u00f3n Primera de la Asamblea. &hellip;<\/p>\n","protected":false},"author":1,"featured_media":28663,"comment_status":"open","ping_status":"open","sticky":false,"template":"","format":"standard","meta":{"footnotes":""},"categories":[32],"tags":[3313,571],"class_list":["post-28662","post","type-post","status-publish","format-standard","has-post-thumbnail","hentry","category-recorrido-por-la-region","tag-carlos-amarildo-garcia","tag-ifinorte"],"_links":{"self":[{"href":"https:\/\/contraluzcucuta.co\/index.php?rest_route=\/wp\/v2\/posts\/28662","targetHints":{"allow":["GET"]}}],"collection":[{"href":"https:\/\/contraluzcucuta.co\/index.php?rest_route=\/wp\/v2\/posts"}],"about":[{"href":"https:\/\/contraluzcucuta.co\/index.php?rest_route=\/wp\/v2\/types\/post"}],"author":[{"embeddable":true,"href":"https:\/\/contraluzcucuta.co\/index.php?rest_route=\/wp\/v2\/users\/1"}],"replies":[{"embeddable":true,"href":"https:\/\/contraluzcucuta.co\/index.php?rest_route=%2Fwp%2Fv2%2Fcomments&post=28662"}],"version-history":[{"count":1,"href":"https:\/\/contraluzcucuta.co\/index.php?rest_route=\/wp\/v2\/posts\/28662\/revisions"}],"predecessor-version":[{"id":28664,"href":"https:\/\/contraluzcucuta.co\/index.php?rest_route=\/wp\/v2\/posts\/28662\/revisions\/28664"}],"wp:featuredmedia":[{"embeddable":true,"href":"https:\/\/contraluzcucuta.co\/index.php?rest_route=\/wp\/v2\/media\/28663"}],"wp:attachment":[{"href":"https:\/\/contraluzcucuta.co\/index.php?rest_route=%2Fwp%2Fv2%2Fmedia&parent=28662"}],"wp:term":[{"taxonomy":"category","embeddable":true,"href":"https:\/\/contraluzcucuta.co\/index.php?rest_route=%2Fwp%2Fv2%2Fcategories&post=28662"},{"taxonomy":"post_tag","embeddable":true,"href":"https:\/\/contraluzcucuta.co\/index.php?rest_route=%2Fwp%2Fv2%2Ftags&post=28662"}],"curies":[{"name":"wp","href":"https:\/\/api.w.org\/{rel}","templated":true}]}}