{"id":28659,"date":"2016-11-16T23:58:49","date_gmt":"2016-11-17T04:58:49","guid":{"rendered":"http:\/\/contraluzcucuta.co\/?p=28659"},"modified":"2016-11-16T23:58:49","modified_gmt":"2016-11-17T04:58:49","slug":"atentado-en-atalaya-50-millones-de-recompensa-para-dar-con-autores-materiales","status":"publish","type":"post","link":"https:\/\/contraluzcucuta.co\/?p=28659","title":{"rendered":"ATENTADO EN ATALAYA. $ 50 millones de recompensa para dar con autores materiales"},"content":{"rendered":"<p><strong>C\u00daCUTA.-<\/strong> Los gobiernos departamental y municipal, y la Polic\u00eda Metropolitana lamentaron el ataque contra el cami\u00f3n del Escuadr\u00f3n M\u00f3vil Antidisturbios (Esmad), en la Primera Etapa de la Ciudadela Juan Atalaya. El hecho, ocurrido este mi\u00e9rcoles en la ma\u00f1ana, dej\u00f3 heridos a 17 polic\u00edas y dos\u00a0civiles.<\/p>\n<p>En la inmediata reacci\u00f3n, la Gobernaci\u00f3n \u00a0ofreci\u00f3 recompensa de $ 50 millones por informaci\u00f3n sobre los autores de atentado. El gobierno departamental rechaz\u00f3 la actividad terrorista de grupos al margen de la ley que alter\u00f3 el bienestar y la convivencia de los cucute\u00f1os.<\/p>\n<p>El alcalde C\u00e9sar Rojas, tras unirse a las voces que condenaron el ataque, recorri\u00f3 el lugar de los hechos y dispuso \u00a0con el Ej\u00e9rcito y la Polic\u00eda un fuerte dispositivo de seguridad.<\/p>\n<p>Expres\u00f3 solidaridad con los heridos y reconoci\u00f3 que los miembros del Esmad han puesto la vida en peligro. Tambi\u00e9n, anunci\u00f3 apoyo para las familias propietarias de las viviendas afectadas por la explosi\u00f3n. Pidi\u00f3 a los cucute\u00f1os unidad y los convoc\u00f3 a trabajar por la seguridad de la ciudad.<\/p>\n<p>El secretario de gobierno departamental Yebrail Haddad Linero hizo un llamado a la Fuerza P\u00fablica a mantener la actividad legal y constitucional para contrarrestar la delincuencia organizada y a frenar su accionar delincuencial.<\/p>\n<p>La Polic\u00eda Metropolitana de C\u00facuta adelanta la investigaci\u00f3n tendiente a esclarecer el ataque. Se conform\u00f3 un grupo especial de investigadores con el fin de identificar a los autores del hecho delictivo y que puso en riesgo a los uniformados y a la comunidad. El sector donde ocurri\u00f3 la explosi\u00f3n es una zona residencial y una v\u00eda con alto tr\u00e1nsito peatonal y de automotores.<\/p>\n<p>Los 17 uniformados fueron trasladados a una cl\u00ednica local, donde fueron valorados por los m\u00e9dicos. Quince fueron dados de alta y dos quedaron bajo observaci\u00f3n a la espera de resultados de ex\u00e1menes. El conductor de un taxi y un residente en la zona tambi\u00e9n fueron afectados levemente por las esquirlas de vidrios y traumas ac\u00fasticos por la onda explosiva.<\/p>\n<p>Adem\u00e1s de los da\u00f1os causados al cami\u00f3n en el que se movilizaban los polic\u00edas, el artefacto explosivo detonado afect\u00f3 un taxi, un veh\u00edculo de servicio particular y una buseta de servicio p\u00fablico de pasajeros. Siete viviendas quedaron averiadas por la onda explosiva y dos requieren mayores arreglos estructurales.<\/p>\n<p>Una hip\u00f3tesis es que el ataque obedece a la retaliaci\u00f3n por los operativos desplegados por la Polic\u00eda Metropolitana de C\u00facuta para atacar el contrabando de mercanc\u00edas y el tr\u00e1fico de estupefacientes en menores cantidades y recuperar el espacio p\u00fablico.<\/p>\n<p>En el Consejo de Seguridad reunido a comienzos de semana, la Polic\u00eda y el Ej\u00e9rcito presentaron cifras relacionadas con orden p\u00fablico ante el Viceministro de Defensa, An\u00edbal Fern\u00e1ndez de Soto, y dieron un parte de tranquilidad y normalidad.<\/p>\n<p>La Procuradur\u00eda Regional no qued\u00f3 satisfecha con la relaci\u00f3n de hechos. Meses atr\u00e1s ha exigido al gobierno central asumir el control de la seguridad en esta zona del pa\u00eds de manera seria y contundente, teniendo en cuenta los hechos ocurridos en varios puntos de Norte de Santander, desde comienzos de a\u00f1o.<\/p>\n<p>Juan Carlos Bautista, procurador regional, se\u00f1al\u00f3 que lo que ocurre \u00a0sobre orden p\u00fablico, inexplicablemente, contrasta con los informes entregados al Viceministro. A menos de 24 horas de la revelaci\u00f3n de la realidad distinta a la expuesta por la Polic\u00eda y el Ej\u00e9rcito, \u00a0ocurri\u00f3 la explosi\u00f3n del artefacto en la Ciudadela Juan Atalaya.<\/p>\n<p>\u201cA pesar de la molestia que le caus\u00f3 al se\u00f1or viceministro la intervenci\u00f3n de la Procuradur\u00eda, continuaremos llamando las cosas por su nombre y exigiendo la adopci\u00f3n de pol\u00edticas estructurales en materia de seguridad, control migratorio e inversi\u00f3n social\u201d, dijo Juan carlos Bautista.<\/p>\n<p><strong>Foto: Enviada por WhatsApp<\/strong> <\/p>\n","protected":false},"excerpt":{"rendered":"<p>C\u00daCUTA.- Los gobiernos departamental y municipal, y la Polic\u00eda Metropolitana lamentaron el ataque contra el cami\u00f3n del Escuadr\u00f3n M\u00f3vil Antidisturbios (Esmad), en la Primera Etapa de la Ciudadela Juan Atalaya. El hecho, ocurrido este mi\u00e9rcoles en la ma\u00f1ana, dej\u00f3 heridos a 17 polic\u00edas y dos\u00a0civiles. En la inmediata reacci\u00f3n, la Gobernaci\u00f3n \u00a0ofreci\u00f3 recompensa de $ &hellip;<\/p>\n","protected":false},"author":1,"featured_media":28660,"comment_status":"open","ping_status":"open","sticky":false,"template":"","format":"standard","meta":{"footnotes":""},"categories":[11,4],"tags":[3348,776,323,163],"class_list":["post-28659","post","type-post","status-publish","format-standard","has-post-thumbnail","hentry","category-cronica-roja","category-barra","tag-atentado-en-atalaya","tag-esmad","tag-mecuc","tag-policia-metropolitana"],"_links":{"self":[{"href":"https:\/\/contraluzcucuta.co\/index.php?rest_route=\/wp\/v2\/posts\/28659","targetHints":{"allow":["GET"]}}],"collection":[{"href":"https:\/\/contraluzcucuta.co\/index.php?rest_route=\/wp\/v2\/posts"}],"about":[{"href":"https:\/\/contraluzcucuta.co\/index.php?rest_route=\/wp\/v2\/types\/post"}],"author":[{"embeddable":true,"href":"https:\/\/contraluzcucuta.co\/index.php?rest_route=\/wp\/v2\/users\/1"}],"replies":[{"embeddable":true,"href":"https:\/\/contraluzcucuta.co\/index.php?rest_route=%2Fwp%2Fv2%2Fcomments&post=28659"}],"version-history":[{"count":1,"href":"https:\/\/contraluzcucuta.co\/index.php?rest_route=\/wp\/v2\/posts\/28659\/revisions"}],"predecessor-version":[{"id":28661,"href":"https:\/\/contraluzcucuta.co\/index.php?rest_route=\/wp\/v2\/posts\/28659\/revisions\/28661"}],"wp:featuredmedia":[{"embeddable":true,"href":"https:\/\/contraluzcucuta.co\/index.php?rest_route=\/wp\/v2\/media\/28660"}],"wp:attachment":[{"href":"https:\/\/contraluzcucuta.co\/index.php?rest_route=%2Fwp%2Fv2%2Fmedia&parent=28659"}],"wp:term":[{"taxonomy":"category","embeddable":true,"href":"https:\/\/contraluzcucuta.co\/index.php?rest_route=%2Fwp%2Fv2%2Fcategories&post=28659"},{"taxonomy":"post_tag","embeddable":true,"href":"https:\/\/contraluzcucuta.co\/index.php?rest_route=%2Fwp%2Fv2%2Ftags&post=28659"}],"curies":[{"name":"wp","href":"https:\/\/api.w.org\/{rel}","templated":true}]}}