{"id":28642,"date":"2016-11-16T21:56:32","date_gmt":"2016-11-17T02:56:32","guid":{"rendered":"http:\/\/contraluzcucuta.co\/?p=28642"},"modified":"2016-11-16T21:56:32","modified_gmt":"2016-11-17T02:56:32","slug":"intercambiador-vial-hoy-habilitan-paso-hacia-la-ciudadela-juan-atalaya","status":"publish","type":"post","link":"https:\/\/contraluzcucuta.co\/?p=28642","title":{"rendered":"INTERCAMBIADOR VIAL. Hoy habilitan paso hacia la Ciudadela Juan Atalaya\u00a0\u00a0\u00a0\u00a0"},"content":{"rendered":"<p><strong>C\u00daCUTA.-<\/strong> El reci\u00e9n construido intercambiador vial de la Ciudadela Juan Atalaya entrar\u00e1 en funcionamiento, este jueves. La Secretar\u00eda de Infraestructura Departamental habilitar\u00e1 el paso vehicular por los ocho carriles del puente. La obra ayudar\u00e1 a descongestionar el tr\u00e1nsito en la glorieta de Los Vientos.<\/p>\n<p>\u201cEstas son muy buenas noticias para los cucute\u00f1os\u201d, explic\u00f3 Rafael Segundo Ram\u00edrez Mar\u00edn, secretario de Infraestructura de Norte de Santander.\u00a0 La obra anhelada la comunidad de la ciudadela ha concluido.<\/p>\n<p>La infraestructura ser\u00e1 un \u00edcono en el desarrollo urban\u00edstico de la capital de Norte de Santander, especialmente de la ciudadela Juan Atalaya, por la imponencia de los dos m\u00e1stiles de 29 metros de altura, cada uno.<\/p>\n<p>Los trabajos iniciaron desde mediados de 2015 para pasar de una v\u00eda de cuatro a una de ocho carriles, y se habilit\u00f3 la glorieta de tres carriles. El puente tiene una longitud de 470 metros de largo, se invirtieron $ 42.000 millones, provenientes del Gobierno y de regal\u00edas del departamento. La arteria vial conduce a los pueblos de Occidente, El Catatumbo y la Provincia de Oca\u00f1a.<\/p>\n<p>En el proceso de mejoramiento paisaj\u00edstico se dispuso de flora aut\u00f3ctona de C\u00facuta, con acompa\u00f1amiento de Corponor. Tambi\u00e9n, se habilit\u00f3 el parque biosaludable para incentivar la recreaci\u00f3n de la comunidad.<\/p>\n<p>El 26 de noviembre, ser\u00e1 la inauguraci\u00f3n oficial por parte del vicepresidente Germ\u00e1n Vargas Lleras, acompa\u00f1ado de congresistas, diputados y la comunidad beneficiada.<\/p>\n<p><strong>Foto: PRENSA GOBERNACI\u00d3N<\/strong><\/p>\n<p>&nbsp; <\/p>\n","protected":false},"excerpt":{"rendered":"<p>C\u00daCUTA.- El reci\u00e9n construido intercambiador vial de la Ciudadela Juan Atalaya entrar\u00e1 en funcionamiento, este jueves. La Secretar\u00eda de Infraestructura Departamental habilitar\u00e1 el paso vehicular por los ocho carriles del puente. La obra ayudar\u00e1 a descongestionar el tr\u00e1nsito en la glorieta de Los Vientos. \u201cEstas son muy buenas noticias para los cucute\u00f1os\u201d, explic\u00f3 Rafael Segundo &hellip;<\/p>\n","protected":false},"author":1,"featured_media":28643,"comment_status":"open","ping_status":"open","sticky":false,"template":"","format":"standard","meta":{"footnotes":""},"categories":[45,4],"tags":[379,2082],"class_list":["post-28642","post","type-post","status-publish","format-standard","has-post-thumbnail","hentry","category-destacado","category-barra","tag-gobernacion-de-norte-de-santander","tag-intercambiador-vial-de-atalaya"],"_links":{"self":[{"href":"https:\/\/contraluzcucuta.co\/index.php?rest_route=\/wp\/v2\/posts\/28642","targetHints":{"allow":["GET"]}}],"collection":[{"href":"https:\/\/contraluzcucuta.co\/index.php?rest_route=\/wp\/v2\/posts"}],"about":[{"href":"https:\/\/contraluzcucuta.co\/index.php?rest_route=\/wp\/v2\/types\/post"}],"author":[{"embeddable":true,"href":"https:\/\/contraluzcucuta.co\/index.php?rest_route=\/wp\/v2\/users\/1"}],"replies":[{"embeddable":true,"href":"https:\/\/contraluzcucuta.co\/index.php?rest_route=%2Fwp%2Fv2%2Fcomments&post=28642"}],"version-history":[{"count":1,"href":"https:\/\/contraluzcucuta.co\/index.php?rest_route=\/wp\/v2\/posts\/28642\/revisions"}],"predecessor-version":[{"id":28644,"href":"https:\/\/contraluzcucuta.co\/index.php?rest_route=\/wp\/v2\/posts\/28642\/revisions\/28644"}],"wp:featuredmedia":[{"embeddable":true,"href":"https:\/\/contraluzcucuta.co\/index.php?rest_route=\/wp\/v2\/media\/28643"}],"wp:attachment":[{"href":"https:\/\/contraluzcucuta.co\/index.php?rest_route=%2Fwp%2Fv2%2Fmedia&parent=28642"}],"wp:term":[{"taxonomy":"category","embeddable":true,"href":"https:\/\/contraluzcucuta.co\/index.php?rest_route=%2Fwp%2Fv2%2Fcategories&post=28642"},{"taxonomy":"post_tag","embeddable":true,"href":"https:\/\/contraluzcucuta.co\/index.php?rest_route=%2Fwp%2Fv2%2Ftags&post=28642"}],"curies":[{"name":"wp","href":"https:\/\/api.w.org\/{rel}","templated":true}]}}