{"id":28635,"date":"2016-11-14T20:14:40","date_gmt":"2016-11-15T01:14:40","guid":{"rendered":"http:\/\/contraluzcucuta.co\/?p=28635"},"modified":"2016-11-14T20:14:40","modified_gmt":"2016-11-15T01:14:40","slug":"125-anos-de-la-policia-zumbaton-en-la-plaza-de-banderas","status":"publish","type":"post","link":"https:\/\/contraluzcucuta.co\/?p=28635","title":{"rendered":"125 A\u00d1OS DE LA POLIC\u00cdA. \u2018Zumbat\u00f3n\u2019 en la Plaza de Banderas"},"content":{"rendered":"<p><strong>C\u00daCUTA.-<\/strong> M\u00e1s de mil ni\u00f1os, j\u00f3venes y adultos, provenientes de diferentes barrios y comunas de la capital de Norte de Santander, se llev\u00f3 a cabo la primera \u2018Zumbat\u00f3n\u2019 de la Polic\u00eda Metropolitana de C\u00facuta. La actividad se cumpli\u00f3 como parte de la celebraci\u00f3n de los 125 a\u00f1os de la instituci\u00f3n uniformada.<\/p>\n<p>El evento comenz\u00f3 a las 7:00 de la noche y se extendi\u00f3 por tres horas en la Plaza de Banderas. Los asistentes, con edades que oscilaban entre los 4 y los 65 a\u00f1os, disfrutaron con la jornada de baile al ritmo de zumba. La animaci\u00f3n corri\u00f3 por cuenta de uniformados e instructores del Instituto Municipal de Recreaci\u00f3n y Deporte (IMRD).<\/p>\n<p>En la actividad se organizaron concursos de baile, de integraci\u00f3n y de entretenimiento. Los participantes obtuvieron regalos y placas policiales como reconocimiento al aporte a la convivencia ciudadana. Los ni\u00f1os tuvieron juegos y actividades l\u00fadicas.<\/p>\n<p>En la jornada recreativa y musical se rindi\u00f3 homenaje a la mujer y se fortaleci\u00f3 en la comunidad la pr\u00e1ctica de disciplinas deportivas que les aportan a los h\u00e1bitos de vida saludable.<\/p>\n<p>El 16 de noviembre, la Polic\u00eda Metropolitana de C\u00facuta efectuar\u00e1 el ciclopaseo, que partir\u00e1 a las 7:00 de la noche, de la Plaza de Banderas. Se espera contar con la participaci\u00f3n de 5000 ciclistas para recorrer diferentes v\u00edas principales locales.<\/p>\n<p>La Polic\u00eda Metropolitana de C\u00facuta invit\u00f3 a los deportistas y a la comunidad a unirse a este evento de integraci\u00f3n.<\/p>\n<p><strong>Foto: PRENSA MECUC<\/strong><\/p>\n<p>&nbsp; <\/p>\n","protected":false},"excerpt":{"rendered":"<p>C\u00daCUTA.- M\u00e1s de mil ni\u00f1os, j\u00f3venes y adultos, provenientes de diferentes barrios y comunas de la capital de Norte de Santander, se llev\u00f3 a cabo la primera \u2018Zumbat\u00f3n\u2019 de la Polic\u00eda Metropolitana de C\u00facuta. La actividad se cumpli\u00f3 como parte de la celebraci\u00f3n de los 125 a\u00f1os de la instituci\u00f3n uniformada. El evento comenz\u00f3 a &hellip;<\/p>\n","protected":false},"author":1,"featured_media":28636,"comment_status":"open","ping_status":"open","sticky":false,"template":"","format":"standard","meta":{"footnotes":""},"categories":[11],"tags":[323,1025,163,3344],"class_list":["post-28635","post","type-post","status-publish","format-standard","has-post-thumbnail","hentry","category-cronica-roja","tag-mecuc","tag-plaza-de-banderas","tag-policia-metropolitana","tag-zumbaton"],"_links":{"self":[{"href":"https:\/\/contraluzcucuta.co\/index.php?rest_route=\/wp\/v2\/posts\/28635","targetHints":{"allow":["GET"]}}],"collection":[{"href":"https:\/\/contraluzcucuta.co\/index.php?rest_route=\/wp\/v2\/posts"}],"about":[{"href":"https:\/\/contraluzcucuta.co\/index.php?rest_route=\/wp\/v2\/types\/post"}],"author":[{"embeddable":true,"href":"https:\/\/contraluzcucuta.co\/index.php?rest_route=\/wp\/v2\/users\/1"}],"replies":[{"embeddable":true,"href":"https:\/\/contraluzcucuta.co\/index.php?rest_route=%2Fwp%2Fv2%2Fcomments&post=28635"}],"version-history":[{"count":1,"href":"https:\/\/contraluzcucuta.co\/index.php?rest_route=\/wp\/v2\/posts\/28635\/revisions"}],"predecessor-version":[{"id":28637,"href":"https:\/\/contraluzcucuta.co\/index.php?rest_route=\/wp\/v2\/posts\/28635\/revisions\/28637"}],"wp:featuredmedia":[{"embeddable":true,"href":"https:\/\/contraluzcucuta.co\/index.php?rest_route=\/wp\/v2\/media\/28636"}],"wp:attachment":[{"href":"https:\/\/contraluzcucuta.co\/index.php?rest_route=%2Fwp%2Fv2%2Fmedia&parent=28635"}],"wp:term":[{"taxonomy":"category","embeddable":true,"href":"https:\/\/contraluzcucuta.co\/index.php?rest_route=%2Fwp%2Fv2%2Fcategories&post=28635"},{"taxonomy":"post_tag","embeddable":true,"href":"https:\/\/contraluzcucuta.co\/index.php?rest_route=%2Fwp%2Fv2%2Ftags&post=28635"}],"curies":[{"name":"wp","href":"https:\/\/api.w.org\/{rel}","templated":true}]}}