{"id":28623,"date":"2016-11-14T18:28:30","date_gmt":"2016-11-14T23:28:30","guid":{"rendered":"http:\/\/contraluzcucuta.co\/?p=28623"},"modified":"2016-11-14T18:28:30","modified_gmt":"2016-11-14T23:28:30","slug":"termino-capacitacion-certificados-135-lideres-en-gestion-de-proyectos","status":"publish","type":"post","link":"https:\/\/contraluzcucuta.co\/?p=28623","title":{"rendered":"TERMIN\u00d3 CAPACITACI\u00d3N. Certificados 135 l\u00edderes en gesti\u00f3n de proyectos"},"content":{"rendered":"<p><strong>C\u00daCUTA.-<\/strong> Ciento treintaicinco l\u00edderes comunitarios del departamento finalizaron el curso sobre gesti\u00f3n de proyectos. Taller, liderado por la Secretar\u00eda de Fronteras y Cooperaci\u00f3n Internacional de Norte de Santander, se cumpli\u00f3 durante ocho jornadas sabatinas. Los participantes mostraron satisfacci\u00f3n por haber aprendido este cap\u00edtulo que ser\u00e1 fundamental para el desarrollo de las comunidades.<\/p>\n<p>Ahora, esperanzados en materializar las iniciativas productivas, ambientales y sociales aguardar\u00e1n el momento propicio para presentarlas ante los despachos correspondientes. \u201cComenc\u00e9 con una idea enfocada en lo ambiental. Los asesores de la Secretar\u00eda me ayudar\u00e1n a fortalecer la viabilidad y a estructurar la parte de talento y presupuestal\u201d, dijo la ingeniera Francy Barajas Lizarazo, tras recibir el certificado.<\/p>\n<p>En el curso se entreg\u00f3 material digital y f\u00edsico para dise\u00f1ar y construir proyectos. El gobernador (e) Juan Carlos Cort\u00e9s Arias explic\u00f3 que se concluyeron con las capacitaciones y que se trabajar\u00e1 para fortalecer los proyectos de los participantes. \u201cVamos a presentar los proyectos ante el Equipo Local de Cooperaci\u00f3n, el Consejo Departamental de Cooperaci\u00f3n y a la Agencia Presidencial de Cooperaci\u00f3n. Despu\u00e9s, determinaremos c\u00f3mo enfocarlos para obtener recursos a partir de 2017\u201d.<\/p>\n<p>El coordinador de proyectos de la Fundaci\u00f3n para la Participaci\u00f3n Comunitaria (Parcomun), N\u00e9stor Mart\u00ednez, sostuvo que la Gobernaci\u00f3n de Norte de Santander ha dado pasos acertados al capacitar y cualificar a los nortesantandereanos, en proyectos. \u201cSe est\u00e1 mejorando la capacidad territorial, en competencias necesarias para el desarrollo de la regi\u00f3n, fundamentalmente en l\u00edderes sociales, ediles, representantes de mujeres y estudiantes\u201d.<\/p>\n<p>El 56,4 por ciento de los participantes en el curso lo conformaron\u00a0menores de 28 a\u00f1os. \u201cSe trata de j\u00f3venes, seg\u00fan el Estatuto de Ciudadan\u00eda Juvenil. Eso es satisfactorio. Creemos que vamos por un camino correcto\u201d, coincidieron Cort\u00e9s Arias y Mart\u00ednez.<\/p>\n<p><strong>Foto: PRENSA GOBERNACI\u00d3N<\/strong><\/p>\n<p>&nbsp; <\/p>\n","protected":false},"excerpt":{"rendered":"<p>C\u00daCUTA.- Ciento treintaicinco l\u00edderes comunitarios del departamento finalizaron el curso sobre gesti\u00f3n de proyectos. Taller, liderado por la Secretar\u00eda de Fronteras y Cooperaci\u00f3n Internacional de Norte de Santander, se cumpli\u00f3 durante ocho jornadas sabatinas. Los participantes mostraron satisfacci\u00f3n por haber aprendido este cap\u00edtulo que ser\u00e1 fundamental para el desarrollo de las comunidades. Ahora, esperanzados en &hellip;<\/p>\n","protected":false},"author":1,"featured_media":28624,"comment_status":"open","ping_status":"open","sticky":false,"template":"","format":"standard","meta":{"footnotes":""},"categories":[2630],"tags":[3338,3337,452],"class_list":["post-28623","post","type-post","status-publish","format-standard","has-post-thumbnail","hentry","category-gobernacion","tag-juan-carlos-cortes","tag-parcomun","tag-secretaria-de-fronteras"],"_links":{"self":[{"href":"https:\/\/contraluzcucuta.co\/index.php?rest_route=\/wp\/v2\/posts\/28623","targetHints":{"allow":["GET"]}}],"collection":[{"href":"https:\/\/contraluzcucuta.co\/index.php?rest_route=\/wp\/v2\/posts"}],"about":[{"href":"https:\/\/contraluzcucuta.co\/index.php?rest_route=\/wp\/v2\/types\/post"}],"author":[{"embeddable":true,"href":"https:\/\/contraluzcucuta.co\/index.php?rest_route=\/wp\/v2\/users\/1"}],"replies":[{"embeddable":true,"href":"https:\/\/contraluzcucuta.co\/index.php?rest_route=%2Fwp%2Fv2%2Fcomments&post=28623"}],"version-history":[{"count":1,"href":"https:\/\/contraluzcucuta.co\/index.php?rest_route=\/wp\/v2\/posts\/28623\/revisions"}],"predecessor-version":[{"id":28625,"href":"https:\/\/contraluzcucuta.co\/index.php?rest_route=\/wp\/v2\/posts\/28623\/revisions\/28625"}],"wp:featuredmedia":[{"embeddable":true,"href":"https:\/\/contraluzcucuta.co\/index.php?rest_route=\/wp\/v2\/media\/28624"}],"wp:attachment":[{"href":"https:\/\/contraluzcucuta.co\/index.php?rest_route=%2Fwp%2Fv2%2Fmedia&parent=28623"}],"wp:term":[{"taxonomy":"category","embeddable":true,"href":"https:\/\/contraluzcucuta.co\/index.php?rest_route=%2Fwp%2Fv2%2Fcategories&post=28623"},{"taxonomy":"post_tag","embeddable":true,"href":"https:\/\/contraluzcucuta.co\/index.php?rest_route=%2Fwp%2Fv2%2Ftags&post=28623"}],"curies":[{"name":"wp","href":"https:\/\/api.w.org\/{rel}","templated":true}]}}