{"id":28611,"date":"2016-11-10T22:21:09","date_gmt":"2016-11-11T03:21:09","guid":{"rendered":"http:\/\/contraluzcucuta.co\/?p=28611"},"modified":"2016-11-10T22:21:09","modified_gmt":"2016-11-11T03:21:09","slug":"centro-tecnologico-exposicion-y-conformacion-de-microempresas","status":"publish","type":"post","link":"https:\/\/contraluzcucuta.co\/?p=28611","title":{"rendered":"CENTRO TECNOL\u00d3GICO. Exposici\u00f3n y conformaci\u00f3n de microempresas"},"content":{"rendered":"<p><strong>C\u00daCUTA.-<\/strong> La Primera Feria Microempresarial, organizada por la Unidad de Emprendimiento del\u00a0 Centro Tecnol\u00f3gico de C\u00facuta, \u00a0congreg\u00f3 a los programas t\u00e9cnicos en administraci\u00f3n y contabilidad y construcci\u00f3n de v\u00edas y edificaciones. El objetivo de la actividad es fomentar y motivar a los estudiantes a crear microempresas que les gener\u00e9 sostenibilidad y empleo, y conocer\u00a0 el mercado comercial que les ayude durante la pr\u00e1ctica laboral a multiplicar\u00a0 ingresos.<\/p>\n<p>En\u00a0 la muestra los educandos expusieron adornos navide\u00f1os, manualidades mixtas, confecciones y gastronom\u00eda. Directivos, administrativos y estudiantes acompa\u00f1aron la actividad como s\u00edmbolo de apoyo a\u00a0 talentosos j\u00f3venes, que alternaron las clases con diferentes modalidades, como pr\u00e1ctica que les permita\u00a0 convertirse en microempresarios cuando abandonen las aulas.<\/p>\n<p>La oportunidad de experimentar un proyecto, producir y vender, hace parte de los \u00e9nfasis de las asignaturas de derecho comercial y administraci\u00f3n de empresas, estrategia que reafirma el\u00a0 compromiso de los programas acad\u00e9micos del Centro Tecnol\u00f3gico, con miras a crecer\u00a0 al lado del equipo profesional, que ense\u00f1a a ser autogestores del futuro laboral.<\/p>\n<p><strong>CONSEJO COMUNITARIO<\/strong><\/p>\n<p>El secretario de Seguridad Ciudadana, Mauricio Franco, lider\u00f3 el Consejo Comunitario de Seguridad en el corregimiento Agua Clara. Los habitantes expusieron los problemas de seguridad. La mayor preocupaci\u00f3n es el incremento en el hurto a residencias y establecimientos comerciales.<\/p>\n<p>La administraci\u00f3n municipal gestionando recursos para dotar a la Polic\u00eda en el corregimiento de una camioneta y tres motocicletas. Adem\u00e1s, se trabaja en la posibilidad de comprar un lote para construir la Subestaci\u00f3n de Polic\u00eda. \u201cTodo esto con el fin de mejorar la seguridad y la convivencia ciudadanas\u201d, dijo el funcionario.<\/p>\n<p>En la jornada participaron la Polic\u00eda Metropolitana, la corregidora y voceros de la comunidad.<\/p>\n<p><strong>Foto: PRENSA ALCALD\u00cdA<\/strong><\/p>\n<p>&nbsp; <\/p>\n","protected":false},"excerpt":{"rendered":"<p>C\u00daCUTA.- La Primera Feria Microempresarial, organizada por la Unidad de Emprendimiento del\u00a0 Centro Tecnol\u00f3gico de C\u00facuta, \u00a0congreg\u00f3 a los programas t\u00e9cnicos en administraci\u00f3n y contabilidad y construcci\u00f3n de v\u00edas y edificaciones. El objetivo de la actividad es fomentar y motivar a los estudiantes a crear microempresas que les gener\u00e9 sostenibilidad y empleo, y conocer\u00a0 el &hellip;<\/p>\n","protected":false},"author":1,"featured_media":28612,"comment_status":"open","ping_status":"open","sticky":false,"template":"","format":"standard","meta":{"footnotes":""},"categories":[2625],"tags":[226,2945],"class_list":["post-28611","post","type-post","status-publish","format-standard","has-post-thumbnail","hentry","category-alcaldia-de-cucuta","tag-alcaldia-de-cucuta","tag-centro-tecnologico-de-cucuta"],"_links":{"self":[{"href":"https:\/\/contraluzcucuta.co\/index.php?rest_route=\/wp\/v2\/posts\/28611","targetHints":{"allow":["GET"]}}],"collection":[{"href":"https:\/\/contraluzcucuta.co\/index.php?rest_route=\/wp\/v2\/posts"}],"about":[{"href":"https:\/\/contraluzcucuta.co\/index.php?rest_route=\/wp\/v2\/types\/post"}],"author":[{"embeddable":true,"href":"https:\/\/contraluzcucuta.co\/index.php?rest_route=\/wp\/v2\/users\/1"}],"replies":[{"embeddable":true,"href":"https:\/\/contraluzcucuta.co\/index.php?rest_route=%2Fwp%2Fv2%2Fcomments&post=28611"}],"version-history":[{"count":1,"href":"https:\/\/contraluzcucuta.co\/index.php?rest_route=\/wp\/v2\/posts\/28611\/revisions"}],"predecessor-version":[{"id":28613,"href":"https:\/\/contraluzcucuta.co\/index.php?rest_route=\/wp\/v2\/posts\/28611\/revisions\/28613"}],"wp:featuredmedia":[{"embeddable":true,"href":"https:\/\/contraluzcucuta.co\/index.php?rest_route=\/wp\/v2\/media\/28612"}],"wp:attachment":[{"href":"https:\/\/contraluzcucuta.co\/index.php?rest_route=%2Fwp%2Fv2%2Fmedia&parent=28611"}],"wp:term":[{"taxonomy":"category","embeddable":true,"href":"https:\/\/contraluzcucuta.co\/index.php?rest_route=%2Fwp%2Fv2%2Fcategories&post=28611"},{"taxonomy":"post_tag","embeddable":true,"href":"https:\/\/contraluzcucuta.co\/index.php?rest_route=%2Fwp%2Fv2%2Ftags&post=28611"}],"curies":[{"name":"wp","href":"https:\/\/api.w.org\/{rel}","templated":true}]}}