{"id":28605,"date":"2016-11-10T21:45:16","date_gmt":"2016-11-11T02:45:16","guid":{"rendered":"http:\/\/contraluzcucuta.co\/?p=28605"},"modified":"2016-11-10T21:45:16","modified_gmt":"2016-11-11T02:45:16","slug":"asamblea-departamental-elegida-mesa-directiva-para-el-2017","status":"publish","type":"post","link":"https:\/\/contraluzcucuta.co\/?p=28605","title":{"rendered":"ASAMBLEA DEPARTAMENTAL. Elegida mesa directiva para el 2017"},"content":{"rendered":"<p><strong>C\u00daCUTA.-<\/strong> La Asamblea de Norte de Santander eligi\u00f3 la mesa directiva para el periodo del primero de enero al 31 de diciembre de 2017. Rafael C\u00e1ceres, por unanimidad, ser\u00e1 el presidente, y estar\u00e1 acompa\u00f1ado por \u00a0Wilmer Guerrero, en la primera vicepresidente, y Jos\u00e9 Luis Duarte, en la segunda vicepresidencia.<\/p>\n<p>Inicialmente, se hicieron las postulaciones las bancadas liberal, conservadora, Unidad Nacional y Alianza Verde propusieron a C\u00e1ceres N\u00fa\u00f1ez. Pedro Mora postul\u00f3 a los vicepresidentes.<\/p>\n<p>Luego, la plenaria discuti\u00f3 segundo debate a los siguientes proyectos de ordenanza:<\/p>\n<p>1.- Establecimiento de los lineamientos de pol\u00edtica p\u00fablica encaminada a la protecci\u00f3n y el bienestar de los animales en el departamento<\/p>\n<p>2.- Se conceden facultades al Gobernador para reglamentar el Fondo Departamental de Bomberos, creado mediante la Ordenanza 014 del 2015<\/p>\n<p>3.- Modificaci\u00f3n de la estructura organizacional de la Contralor\u00eda de Norte de Santander y se determinan las funciones de esas dependencias y se dictan otras disposiciones.<\/p>\n<p>4.- Autorizaci\u00f3n al Gobernador para la consecuci\u00f3n del empr\u00e9stito interno, hasta por \u00a0$ 65.000 millones para la financiaci\u00f3n de programas y proyectos de importancia estrat\u00e9gica contenidos en el Plan de Desarrollo.<\/p>\n<p>Los diputados propusieron otorgarle la condecoraci\u00f3n Francisco de Paula Santander a la Central Unitaria de Trabajadores de Colombia como homenaje a la unidad. De la organizaci\u00f3n hacen parte 60 sindicatos de Norte de Santander y re\u00fanen a m\u00e1s de 16.000 afiliados. As\u00ed mismo, se exaltar\u00e1 el cumplimiento de 30 a\u00f1os de servicio y lucha sindical, en defensa de los derechos actuales y la conquista de mejores condiciones de vida y trabajo.<\/p>\n<p>La Asamblea y el alcalde de Toledo, Jairo Castellanos, organizar\u00e1n la sesi\u00f3n ordinaria descentralizada, en conjunto con las asambleas de la regi\u00f3n del oriente de pa\u00eds, para analizar la V\u00eda la Soberan\u00eda. La reuni\u00f3n se cumplir\u00e1 el 18 de noviembre, a las 10:00 de la ma\u00f1ana, en Toledo.<\/p>\n<p>Tambi\u00e9n, debatieron sobre el estado de la v\u00eda Puente G\u00f3mez-Salazar, en ejecuci\u00f3n. El secretario de Infraestructura, Rafael Ram\u00edrez, \u00a0inform\u00f3 \u00a0que la obra es una intervenci\u00f3n a 19 Kil\u00f3metros y en el mantenimiento se invirtieron $ 42.000 millones en reparaci\u00f3n de zanjas, andenes, cunetas, alcantarillas, muros de contenci\u00f3, gaviones, taludes y anclajes pasivos.<\/p>\n<p>El mejoramiento de la v\u00eda ha tenido dos pr\u00f3rrogas, debido a que los taludes no se ajustaban a la calzada del dise\u00f1o, lo que provoc\u00f3 extenderse por otras zonas para alcanzar el objetivo de la construcci\u00f3n.<\/p>\n<p>Las visitas a Salazar de las Palmas, municipio tur\u00edstico, han mermado \u00a0debido al estado de la carretera. La administraci\u00f3n departamental debe contribuir con el empleo del municipio y con la mano de obra de los habitantes que tienen conocimiento en construcci\u00f3n, para que se beneficien con el proyecto.<\/p>\n<p><strong>Foto: PRENSA ASAMBLEA<\/strong><\/p>\n<p>&nbsp; <\/p>\n","protected":false},"excerpt":{"rendered":"<p>C\u00daCUTA.- La Asamblea de Norte de Santander eligi\u00f3 la mesa directiva para el periodo del primero de enero al 31 de diciembre de 2017. Rafael C\u00e1ceres, por unanimidad, ser\u00e1 el presidente, y estar\u00e1 acompa\u00f1ado por \u00a0Wilmer Guerrero, en la primera vicepresidente, y Jos\u00e9 Luis Duarte, en la segunda vicepresidencia. Inicialmente, se hicieron las postulaciones las &hellip;<\/p>\n","protected":false},"author":1,"featured_media":28606,"comment_status":"open","ping_status":"open","sticky":false,"template":"","format":"standard","meta":{"footnotes":""},"categories":[4,6,9],"tags":[688,3144],"class_list":["post-28605","post","type-post","status-publish","format-standard","has-post-thumbnail","hentry","category-barra","category-ojo-avizor","category-politica","tag-asamblea-de-norte-de-santander","tag-rafael-caceres-nunez"],"_links":{"self":[{"href":"https:\/\/contraluzcucuta.co\/index.php?rest_route=\/wp\/v2\/posts\/28605","targetHints":{"allow":["GET"]}}],"collection":[{"href":"https:\/\/contraluzcucuta.co\/index.php?rest_route=\/wp\/v2\/posts"}],"about":[{"href":"https:\/\/contraluzcucuta.co\/index.php?rest_route=\/wp\/v2\/types\/post"}],"author":[{"embeddable":true,"href":"https:\/\/contraluzcucuta.co\/index.php?rest_route=\/wp\/v2\/users\/1"}],"replies":[{"embeddable":true,"href":"https:\/\/contraluzcucuta.co\/index.php?rest_route=%2Fwp%2Fv2%2Fcomments&post=28605"}],"version-history":[{"count":1,"href":"https:\/\/contraluzcucuta.co\/index.php?rest_route=\/wp\/v2\/posts\/28605\/revisions"}],"predecessor-version":[{"id":28607,"href":"https:\/\/contraluzcucuta.co\/index.php?rest_route=\/wp\/v2\/posts\/28605\/revisions\/28607"}],"wp:featuredmedia":[{"embeddable":true,"href":"https:\/\/contraluzcucuta.co\/index.php?rest_route=\/wp\/v2\/media\/28606"}],"wp:attachment":[{"href":"https:\/\/contraluzcucuta.co\/index.php?rest_route=%2Fwp%2Fv2%2Fmedia&parent=28605"}],"wp:term":[{"taxonomy":"category","embeddable":true,"href":"https:\/\/contraluzcucuta.co\/index.php?rest_route=%2Fwp%2Fv2%2Fcategories&post=28605"},{"taxonomy":"post_tag","embeddable":true,"href":"https:\/\/contraluzcucuta.co\/index.php?rest_route=%2Fwp%2Fv2%2Ftags&post=28605"}],"curies":[{"name":"wp","href":"https:\/\/api.w.org\/{rel}","templated":true}]}}