{"id":28602,"date":"2016-11-10T21:15:29","date_gmt":"2016-11-11T02:15:29","guid":{"rendered":"http:\/\/contraluzcucuta.co\/?p=28602"},"modified":"2016-11-10T21:15:29","modified_gmt":"2016-11-11T02:15:29","slug":"ventana-internacional-diplomaticos-huespedes-ilustres-de-la-ufps","status":"publish","type":"post","link":"https:\/\/contraluzcucuta.co\/?p=28602","title":{"rendered":"VENTANA INTERNACIONAL. Diplom\u00e1ticos, \u2018hu\u00e9spedes ilustres\u2019 de la UFPS"},"content":{"rendered":"<p><strong>C\u00daCUTA.-<\/strong> Cinco diplom\u00e1ticos de Centroam\u00e9rica y el Caribe fueron declarados \u2018hu\u00e9spedes ilustres\u2019 de la Universidad Francisco de Paula Santander. El t\u00edtulo honor\u00edfico se entreg\u00f3 en desarrollo de la \u00a0s\u00e9ptima edici\u00f3n de la Ventana Internacional, que se cumpli\u00f3 en el centro de estudios superiones.<\/p>\n<p>En el primer Foro Econ\u00f3mico \u2018Oportunidades para Norte de Santander\u2019 participaron Camilo Acevedo; presidente de la C\u00e1mara de Comercio Colombo-Centroam\u00e9rica y del Caribe; Francisco Zepeda, embajador de Honduras en Colombia; Tom\u00e1s Roa, ministro consejero de Rep\u00fablica Dominicana; Claudia Moreno, agregada comercial de Negocios de Panam\u00e1, y Marcela Soriano, ministra consejera de El Salvador.<\/p>\n<p>Los delegados extranjeros y las autoridades departamentales y municipales presentaron las fortalezas del sector econ\u00f3mico regional con miras a estrechar lazos comerciales. Directivos y docentes de la UFPS socializaron la apuesta acad\u00e9mica e investigativa en b\u00fasqueda de convenios que permitan la articulaci\u00f3n de proyectos que beneficien al pa\u00eds y a la instituci\u00f3n.<\/p>\n<p>La rectora Claudia Toloza dijo que la visita es satisfactoria para la universidad, que avanza en la acreditaci\u00f3n de alta calidad. Tener contacto con socios internacionales permitir\u00e1 construir puentes de cooperaci\u00f3n para fortalecer el intercambio comercial y de educaci\u00f3n para la UFPS, el departamento y la ciudad.<\/p>\n<p>La visita representa un aporte al desarrollo institucional y regional a partir del an\u00e1lisis de las oportunidades que se tienen en lo econ\u00f3mico, empresarial, tur\u00edstico y acad\u00e9mico. \u201cBuscamos abrir espacios para movilidad internacional en el campo de la ingenier\u00eda con Panam\u00e1, con Rep\u00fablica Dominicana y dem\u00e1s aliados estrat\u00e9gicos para el desarrollo acad\u00e9mico e internacionalizaci\u00f3n de la UFPS\u201d.<\/p>\n<p>Camilo Acevedo socializ\u00f3 ante estudiantes, docentes, y empresarios los retos que tiene el comercio internacional para los pa\u00edses de Centro y Suram\u00e9rica, al igual que para el Caribe. \u201cEl comercio es sin\u00f3nimo de desarrollo, de enriquecimiento y de generaci\u00f3n de empleo\u201d. Para llevar al \u00f3ptimo proceso de exportaci\u00f3n es fundamental tener un producto, un cliente y la determinaci\u00f3n.<\/p>\n<p>En la reuni\u00f3n se hizo un llamado a los l\u00edderes empresariales a trabajar junto a la academia y no desfallecer en los objetivos de ampliar a mercados internacionales, donde se genera \u201criqueza y bienestar\u201d.<\/p>\n<p>Cada delegado diplom\u00e1tico y de negocios expuso las ventajas econ\u00f3micas, tur\u00edsticas y empresariales del pa\u00eds que representan. Enfatizaron en las oportunidades que se podr\u00edan concretar en la zona binacional en alianza con la C\u00e1mara de Comercio de C\u00facuta.<\/p>\n<p>&nbsp;<\/p>\n<p><strong>Foto: PRENSA UFPS<\/strong><\/p>\n<p>&nbsp; <\/p>\n","protected":false},"excerpt":{"rendered":"<p>C\u00daCUTA.- Cinco diplom\u00e1ticos de Centroam\u00e9rica y el Caribe fueron declarados \u2018hu\u00e9spedes ilustres\u2019 de la Universidad Francisco de Paula Santander. El t\u00edtulo honor\u00edfico se entreg\u00f3 en desarrollo de la \u00a0s\u00e9ptima edici\u00f3n de la Ventana Internacional, que se cumpli\u00f3 en el centro de estudios superiones. En el primer Foro Econ\u00f3mico \u2018Oportunidades para Norte de Santander\u2019 participaron Camilo &hellip;<\/p>\n","protected":false},"author":1,"featured_media":28603,"comment_status":"open","ping_status":"open","sticky":false,"template":"","format":"standard","meta":{"footnotes":""},"categories":[74,4],"tags":[3330,3331,229],"class_list":["post-28602","post","type-post","status-publish","format-standard","has-post-thumbnail","hentry","category-aula-universitaria","category-barra","tag-diplomaticos","tag-foro-economico","tag-ufps"],"_links":{"self":[{"href":"https:\/\/contraluzcucuta.co\/index.php?rest_route=\/wp\/v2\/posts\/28602","targetHints":{"allow":["GET"]}}],"collection":[{"href":"https:\/\/contraluzcucuta.co\/index.php?rest_route=\/wp\/v2\/posts"}],"about":[{"href":"https:\/\/contraluzcucuta.co\/index.php?rest_route=\/wp\/v2\/types\/post"}],"author":[{"embeddable":true,"href":"https:\/\/contraluzcucuta.co\/index.php?rest_route=\/wp\/v2\/users\/1"}],"replies":[{"embeddable":true,"href":"https:\/\/contraluzcucuta.co\/index.php?rest_route=%2Fwp%2Fv2%2Fcomments&post=28602"}],"version-history":[{"count":1,"href":"https:\/\/contraluzcucuta.co\/index.php?rest_route=\/wp\/v2\/posts\/28602\/revisions"}],"predecessor-version":[{"id":28604,"href":"https:\/\/contraluzcucuta.co\/index.php?rest_route=\/wp\/v2\/posts\/28602\/revisions\/28604"}],"wp:featuredmedia":[{"embeddable":true,"href":"https:\/\/contraluzcucuta.co\/index.php?rest_route=\/wp\/v2\/media\/28603"}],"wp:attachment":[{"href":"https:\/\/contraluzcucuta.co\/index.php?rest_route=%2Fwp%2Fv2%2Fmedia&parent=28602"}],"wp:term":[{"taxonomy":"category","embeddable":true,"href":"https:\/\/contraluzcucuta.co\/index.php?rest_route=%2Fwp%2Fv2%2Fcategories&post=28602"},{"taxonomy":"post_tag","embeddable":true,"href":"https:\/\/contraluzcucuta.co\/index.php?rest_route=%2Fwp%2Fv2%2Ftags&post=28602"}],"curies":[{"name":"wp","href":"https:\/\/api.w.org\/{rel}","templated":true}]}}