{"id":28599,"date":"2016-11-10T20:52:16","date_gmt":"2016-11-11T01:52:16","guid":{"rendered":"http:\/\/contraluzcucuta.co\/?p=28599"},"modified":"2016-11-10T20:52:16","modified_gmt":"2016-11-11T01:52:16","slug":"victimas-del-conflicto-mas-soluciones-integrales-y-menos-estrategias-asistencialistas","status":"publish","type":"post","link":"https:\/\/contraluzcucuta.co\/?p=28599","title":{"rendered":"V\u00cdCTIMAS DEL CONFLICTO. M\u00e1s soluciones integrales y menos estrategias asistencialistas"},"content":{"rendered":"<p><strong>C\u00daCUTA.-<\/strong> Eliminar el asistencialismo y dejar de participar en reuniones solo por recibir una ayuda humanitaria o una m\u00ednima cuant\u00eda de dinero, y buscarles soluciones reales a las v\u00edctimas del conflicto armado en el departamento, hacen parte de las propuestas presentadas en el Cuarto Comit\u00e9 Territorial de Justicia Transicional ampliado de Norte de Santander.<\/p>\n<p>Las iniciativas se llevaron a la reuni\u00f3n ante las experiencias vividas con hombres y mujeres que recibieron ayuda econ\u00f3mica como parte de la reparaci\u00f3n. Medio millar de v\u00edctimas recibi\u00f3 la carta-cheque y a los pocos d\u00edas los beneficiados hab\u00edan gastado los recursos. \u201cNo ten\u00edan ni un solo centavo y quedaron con el mismo estado de vulnerabilidad\u201d, indic\u00f3 Luis Fernando Ni\u00f1o, secretario de V\u00edctimas, Paz y Posconflicto del departamento.<\/p>\n<p>El agravante es que los favorecidos con el programa no tienen ning\u00fan otro tipo de reparaci\u00f3n. Ante esta situaci\u00f3n de despilfarro del dinero se han propuesto, en conjunto con la Unidad Nacional de V\u00edctimas, dos iniciativas:<\/p>\n<p>1.- En proyectos productivos<\/p>\n<p>2.- En reparaci\u00f3n integral colectiva.<\/p>\n<p>Ante las incomodidades surgidas por los procesos de indemnizaci\u00f3n se concluy\u00f3 deben construirse opciones que ayuden colectivamente y que consoliden proyectos que permitan ser sostenibles a largo plazo. Entre las soluciones reales planteadas est\u00e1 la entrega de vivienda.<\/p>\n<p>En el Comit\u00e9 ampliado se socializaron las acciones de las rutas de atenci\u00f3n, la reparaci\u00f3n y la evaluaci\u00f3n ante la respuesta del Estado frente al proceso de paz y de las v\u00edctimas. Las nuevas propuestas que se tienen para Norte de Santander partir\u00e1n del prop\u00f3sito de garantizar los derechos fundamentales de los ciudadanos, como individuos y colectivos de una sociedad.<\/p>\n<p>En el encuentro participaron 32 alcaldes y representantes de las entidades nacionales de la Unidad de V\u00edctimas, el Sena y los ministerios de Paz y Posconflicto y del Interior.<\/p>\n<p>Entre las reacciones de los alcaldes destacan:<\/p>\n<p>1.- Leid Montagut Montejo. Alcalde de Teorama<\/p>\n<p>Teorama es de los municipios que tienen los tres actores sociales (Farc, Epl, Eln) por lo que tenemos una condici\u00f3n especial. Desde la administraci\u00f3n se trabaja con comunidades, l\u00edderes, presidentes de juntas y v\u00edctimas para avanzar en la caracterizaci\u00f3n, en la adquisici\u00f3n de los beneficios del departamento y la naci\u00f3n, y en la formulaci\u00f3n de proyectos que generen beneficio colectivo<\/p>\n<p>2.- Jairo Castellanos. Alcalde de Toledo<\/p>\n<p>En la localidad se trabaja de manera comprometida con el enlace de v\u00edctimas, para completar el proceso de caracterizaci\u00f3n, en el que se encuentran situaciones desplazamiento, secuestro, asesinatos, desapariciones forzadas, entre otras.<\/p>\n<p><strong>Foto: PRENSA GOBERNACI\u00d3N<\/strong><\/p>\n<p>&nbsp;<\/p>\n<p>&nbsp; <\/p>\n","protected":false},"excerpt":{"rendered":"<p>C\u00daCUTA.- Eliminar el asistencialismo y dejar de participar en reuniones solo por recibir una ayuda humanitaria o una m\u00ednima cuant\u00eda de dinero, y buscarles soluciones reales a las v\u00edctimas del conflicto armado en el departamento, hacen parte de las propuestas presentadas en el Cuarto Comit\u00e9 Territorial de Justicia Transicional ampliado de Norte de Santander. Las &hellip;<\/p>\n","protected":false},"author":1,"featured_media":28600,"comment_status":"open","ping_status":"open","sticky":false,"template":"","format":"standard","meta":{"footnotes":""},"categories":[4,5,32],"tags":[3329,3328,157,2683],"class_list":["post-28599","post","type-post","status-publish","format-standard","has-post-thumbnail","hentry","category-barra","category-justicia-transicional","category-recorrido-por-la-region","tag-alcaldia-de-teorama","tag-alcaldia-de-toledo","tag-justicia-transicional-2","tag-luis-fernando-nino"],"_links":{"self":[{"href":"https:\/\/contraluzcucuta.co\/index.php?rest_route=\/wp\/v2\/posts\/28599","targetHints":{"allow":["GET"]}}],"collection":[{"href":"https:\/\/contraluzcucuta.co\/index.php?rest_route=\/wp\/v2\/posts"}],"about":[{"href":"https:\/\/contraluzcucuta.co\/index.php?rest_route=\/wp\/v2\/types\/post"}],"author":[{"embeddable":true,"href":"https:\/\/contraluzcucuta.co\/index.php?rest_route=\/wp\/v2\/users\/1"}],"replies":[{"embeddable":true,"href":"https:\/\/contraluzcucuta.co\/index.php?rest_route=%2Fwp%2Fv2%2Fcomments&post=28599"}],"version-history":[{"count":1,"href":"https:\/\/contraluzcucuta.co\/index.php?rest_route=\/wp\/v2\/posts\/28599\/revisions"}],"predecessor-version":[{"id":28601,"href":"https:\/\/contraluzcucuta.co\/index.php?rest_route=\/wp\/v2\/posts\/28599\/revisions\/28601"}],"wp:featuredmedia":[{"embeddable":true,"href":"https:\/\/contraluzcucuta.co\/index.php?rest_route=\/wp\/v2\/media\/28600"}],"wp:attachment":[{"href":"https:\/\/contraluzcucuta.co\/index.php?rest_route=%2Fwp%2Fv2%2Fmedia&parent=28599"}],"wp:term":[{"taxonomy":"category","embeddable":true,"href":"https:\/\/contraluzcucuta.co\/index.php?rest_route=%2Fwp%2Fv2%2Fcategories&post=28599"},{"taxonomy":"post_tag","embeddable":true,"href":"https:\/\/contraluzcucuta.co\/index.php?rest_route=%2Fwp%2Fv2%2Ftags&post=28599"}],"curies":[{"name":"wp","href":"https:\/\/api.w.org\/{rel}","templated":true}]}}