{"id":28596,"date":"2016-11-08T21:56:07","date_gmt":"2016-11-09T02:56:07","guid":{"rendered":"http:\/\/contraluzcucuta.co\/?p=28596"},"modified":"2016-11-08T21:56:07","modified_gmt":"2016-11-09T02:56:07","slug":"concejo-de-cucuta-aprobadas-vigencias-futuras-destinadas-seguridad-tecnologia-e-innovacion","status":"publish","type":"post","link":"https:\/\/contraluzcucuta.co\/?p=28596","title":{"rendered":"CONCEJO DE C\u00daCUTA. Aprobadas vigencias futuras destinadas a seguridad, tecnolog\u00eda e innovaci\u00f3n"},"content":{"rendered":"<p><strong><\/strong><strong>C\u00daCUTA.-<\/strong> La plenaria del Concejo de C\u00facuta aprob\u00f3 el Proyecto de Acuerdo 072, por medio del cual se efect\u00faan traslados en el presupuesto general de gastos del municipio, vigencia fiscal de 2016. Adem\u00e1s, concede una autorizaci\u00f3n de vigencias futuras excepcionales.<\/p>\n<p>El \u00a0fin es permitir que se pueda recurrir a esta figura para otorgarle cumplimiento al compromiso con el Ministerio de las TIC, por medio de las zonas Wifi, en la ciudad. As\u00ed, se contribuir\u00e1 al desarrollo de la innovaci\u00f3n tecnol\u00f3gica, a la promoci\u00f3n y prevenci\u00f3n en salud p\u00fablica colectiva y al Centro de Integraci\u00f3n Ciudadana.<\/p>\n<p>El ponente Nelson Ovalles manifest\u00f3 que este Proyecto es en beneficio de la ciudad. \u201cLa idea es adelantar convenios para adjudicar recursos del orden nacional\u201d. Las partidas permitir\u00e1n la habilitaci\u00f3n y el mantenimiento de los espacios de acceso gratuito a internet.<\/p>\n<p>La construcci\u00f3n de Centros de Convivencia Ciudadana permitir\u00e1 que el municipio no disponga de ning\u00fan recurso, porque los otorgar\u00e1 el Ministerio del Interior.<\/p>\n<p>Los proyectos se firmar\u00e1n este a\u00f1o. Para ejecutar los convenios con el Ministerio, tienen que dejarse asegurados los recursos, que permitir\u00e1n el apalancamiento y cumplimiento de lo pactado.<\/p>\n<p><strong>Foto: PRENSA ALCALD\u00cdA<\/strong><\/p>\n<p>&nbsp;<\/p>\n<p>&nbsp; <\/p>\n","protected":false},"excerpt":{"rendered":"<p>C\u00daCUTA.- La plenaria del Concejo de C\u00facuta aprob\u00f3 el Proyecto de Acuerdo 072, por medio del cual se efect\u00faan traslados en el presupuesto general de gastos del municipio, vigencia fiscal de 2016. Adem\u00e1s, concede una autorizaci\u00f3n de vigencias futuras excepcionales. El \u00a0fin es permitir que se pueda recurrir a esta figura para otorgarle cumplimiento al &hellip;<\/p>\n","protected":false},"author":1,"featured_media":28597,"comment_status":"open","ping_status":"open","sticky":false,"template":"","format":"standard","meta":{"footnotes":""},"categories":[6,9],"tags":[197,3327],"class_list":["post-28596","post","type-post","status-publish","format-standard","has-post-thumbnail","hentry","category-ojo-avizor","category-politica","tag-concejo-de-cucuta","tag-vigencias-futuras"],"_links":{"self":[{"href":"https:\/\/contraluzcucuta.co\/index.php?rest_route=\/wp\/v2\/posts\/28596","targetHints":{"allow":["GET"]}}],"collection":[{"href":"https:\/\/contraluzcucuta.co\/index.php?rest_route=\/wp\/v2\/posts"}],"about":[{"href":"https:\/\/contraluzcucuta.co\/index.php?rest_route=\/wp\/v2\/types\/post"}],"author":[{"embeddable":true,"href":"https:\/\/contraluzcucuta.co\/index.php?rest_route=\/wp\/v2\/users\/1"}],"replies":[{"embeddable":true,"href":"https:\/\/contraluzcucuta.co\/index.php?rest_route=%2Fwp%2Fv2%2Fcomments&post=28596"}],"version-history":[{"count":1,"href":"https:\/\/contraluzcucuta.co\/index.php?rest_route=\/wp\/v2\/posts\/28596\/revisions"}],"predecessor-version":[{"id":28598,"href":"https:\/\/contraluzcucuta.co\/index.php?rest_route=\/wp\/v2\/posts\/28596\/revisions\/28598"}],"wp:featuredmedia":[{"embeddable":true,"href":"https:\/\/contraluzcucuta.co\/index.php?rest_route=\/wp\/v2\/media\/28597"}],"wp:attachment":[{"href":"https:\/\/contraluzcucuta.co\/index.php?rest_route=%2Fwp%2Fv2%2Fmedia&parent=28596"}],"wp:term":[{"taxonomy":"category","embeddable":true,"href":"https:\/\/contraluzcucuta.co\/index.php?rest_route=%2Fwp%2Fv2%2Fcategories&post=28596"},{"taxonomy":"post_tag","embeddable":true,"href":"https:\/\/contraluzcucuta.co\/index.php?rest_route=%2Fwp%2Fv2%2Ftags&post=28596"}],"curies":[{"name":"wp","href":"https:\/\/api.w.org\/{rel}","templated":true}]}}