{"id":28590,"date":"2016-11-08T21:15:13","date_gmt":"2016-11-09T02:15:13","guid":{"rendered":"http:\/\/contraluzcucuta.co\/?p=28590"},"modified":"2016-11-08T21:15:13","modified_gmt":"2016-11-09T02:15:13","slug":"punto-de-vista-la-calentura-de-la-mente","status":"publish","type":"post","link":"https:\/\/contraluzcucuta.co\/?p=28590","title":{"rendered":"PUNTO DE VISTA. La\u00a0 calentura de\u00a0 la mente"},"content":{"rendered":"<p>Cuando nuestras\u00a0 autoridades, cansadas\u00a0 de las\u00a0 promesas\u00a0 incumplidas,\u00a0 seg\u00fan ellos, del se\u00f1or Jos\u00e9 Augusto Cadena y los resultados frente al C\u00facuta\u00a0 Deportivo, decidieron \u2018desterrar\u2019\u00a0 la\u00a0 instituci\u00f3n de la ciudad muchas\u00a0 voces\u00a0 se\u00a0 levantaron\u00a0 aprobando\u00a0 y pocas se mostraron en reserva\u00a0 frente a\u00a0 la decisi\u00f3n tomada. Otra\u00a0 vez\u00a0 el C\u00facuta\u00a0 fuera\u00a0 de\u00a0 la ciudad; otra\u00a0 vez\u00a0 al destierro. Cuando\u00a0 no fueron las obras\u00a0 del estadio\u00a0 fueron los malos resultados y el tejemaneje de\u00a0 los directivos, y es que los nortesantandereanos\u00a0 a\u00fan no hemos digerido\u00a0 la premisa\u00a0 bajo la cual ahora se maneja el futbol en\u00a0 Colombia,\u00a0 la\u00a0 que\u00a0 el mismo Cadena nos advirti\u00f3: \u201cEl futbol es\u00a0 un negocio\u201d.<\/p>\n<p>As\u00ed pues, en el f\u00fatbol se compra\u00a0 y se vende,\u00a0 y\u00a0 si no queremos que ese\u00a0 se\u00f1or contin\u00fae al frente\u00a0 de la instituci\u00f3n roja\u00a0 y negra hay que\u00a0 comprarle el negocio, pero \u00bfqui\u00e9n le pone el cascabel al gato? \u00bfla Gobernaci\u00f3n o la Alcald\u00eda? Vaya tiempos\u00a0 aquellos, cuando la\u00a0 instituci\u00f3n perteneci\u00f3 a\u00a0 los hijos de la ciudad,\u00a0 los mismos que hoy se rasgan las vestiduras\u00a0 por\u00a0 los desaciertos\u00a0 de Cadena. \u00bfQuien le\u00a0 vendi\u00f3\u00a0 el\u00a0 \u2018negocio\u2019 a Cadena?\u00a0 Quienes\u00a0 fueron los que\u00a0 cuando\u00a0 pudimos\u00a0 haber construido\u00a0 una\u00a0 verdadero\u00a0 club, como Cali o Nacional,\u00a0 y ser ellos los due\u00f1os, prefirieron\u00a0 llevarse cada uno\u00a0 su pedazo del \u2018negocio\u2019\u00a0 y\u00a0 acabar\u00a0 con la instituci\u00f3n. Sustray\u00e9ndose\u00a0 las\u00a0 taquillas \u00bfrecuerdan la noche de C\u00facuta \u2013 Boca, o sonsacarse\u00a0 los traspasos de los jugadores?<\/p>\n<p>Cuando se escriba la historia reciente\u00a0 de nuestro C\u00facuta Deportivo se ver\u00e1 c\u00f3mo los nuestros fueron los primeros\u00a0\u00a0 en acabar\u00a0 con lo que hoy reclaman. Ellos\u00a0 fueron\u00a0 tan\u00a0 culpables de los\u00a0 desaciertos como lo es hoy\u00a0 Cadena, pues en el f\u00fatbol, como en todas\u00a0 las\u00a0 cosas,\u00a0 no hay\u00a0 acci\u00f3n\u00a0 sin\u00a0 reacci\u00f3n.<\/p>\n<p>En su defensa,\u00a0 el dirigente ca\u00eddo en desgracia dijo a la periodista\u00a0 Andrea\u00a0 Guerrero: \u201cYo\u00a0 contrato jugadores,\u00a0 armo el equipo, pero no marco, ni\u00a0 dejo de\u00a0 marcar goles\u201d. Y cierto es. Cadena\u00a0 no juega. No hace\u00a0 mucho\u00a0 aqu\u00ed en C\u00facuta\u00a0 lo pasearon en el carro de Bomberos, lo\u00a0 condecor\u00f3\u00a0 la\u00a0 ciudad,\u00a0 lo exalt\u00f3 la\u00a0 Gobernaci\u00f3n y\u00a0 a\u00f1os despu\u00e9s\u00a0 lo\u00a0 sacan a patadas. \u00a1No! Lo que sucede es que\u00a0 el C\u00facuta Deportivo,\u00a0 adem\u00e1s de\u00a0 ser\u00a0 un negocio, es\u00a0 un\u00a0 sentimiento que\u00a0 mueve\u00a0 masas\u00a0 y se\u00a0 debe hacer valer en la gloria\u00a0 como en el infortunio\u00a0 para que la \u2018amada roja\u00a0 y negra\u2019,\u00a0 como dice\u00a0 el legendario Rodrigo V\u00e1zquez, sepa\u00a0 que\u00a0 tiene\u00a0 dolientes. Si el triunfo\u00a0 llega\u00a0\u00a0 como en el 2006,\u00a0 todos estamos a una, all\u00ed, celebrando, y\u00a0 si el infortunio\u00a0 regresa como en el\u00a0 2015,\u00a0 todos,\u00a0 tambi\u00e9n,\u00a0 reaccionamos en la\u00a0 derrota como en el triunfo, pues\u00a0 el\u00a0 equipo es m\u00e1s\u00a0 pasi\u00f3n que raz\u00f3n.<\/p>\n<p>Podr\u00edamos decir que nuestros\u00a0 dirigentes valoraron prematuramente el problema\u00a0 y tomaron una\u00a0 decisi\u00f3n apresurada y\u00a0 de\u00a0 paso\u00a0 pusieron a Cadena\u00a0 ante\u00a0 la Dimayor como v\u00edctima, como un perseguido de unos\u00a0 dirigentes que, seg\u00fan\u00a0 Bogot\u00e1, no entienden ni\u00a0 saben\u00a0 nada de f\u00fatbol. Porque el\u00a0 f\u00fatbol es negocio y antes de\u00a0 hablar de\u00a0 goles, jugadas\u00a0 o talento, se\u00a0 debe hablar de\u00a0 billetes. Sin ellos nada se\u00a0 logra,\u00a0 nada\u00a0 se mueve.<\/p>\n<p>Ahora,\u00a0 son varias las\u00a0 preguntas\u00a0 que saltan al vacio. \u00bfQu\u00e9\u00a0 destino le\u00a0 depara? \u00bfSer\u00e1\u00a0 que\u00a0 lo\u00a0 venden\u00a0 a\u00a0 otra plaza? \u00bfQu\u00e9 se puede hacer para recuperarlo luego de desterrarlo? Son\u00a0 tantas y variadas preguntas que\u00a0 hay sin respuesta que podr\u00edamos suponer\u00a0 que\u00a0 son las mismas que debieron haberse\u00a0 hecho nuestros\u00a0 dirigentes\u00a0 antes de sacar al\u00a0 equipo de la ciudad. Pues no qued\u00f3 claro\u00a0 si\u00a0 el\u00a0 desterrado era el\u00a0 C\u00facuta\u00a0 Deportivo\u00a0 o Cadena. Si\u00a0 fue lo \u00faltimo,\u00a0 el quipo deber\u00eda permanecer en la\u00a0 ciudad, y\u00a0 si fueron los dos, se\u00a0 debi\u00f3 haber\u00a0 comprado y luego desterrar al dirigente.<\/p>\n<p>Mejor dicho,\u00a0 con esa acci\u00f3n lo que\u00a0 se ratific\u00f3 es\u00a0 que\u00a0 Cadena es\u00a0 el due\u00f1o de\u00a0 la\u00a0 instituci\u00f3n y que nada\u00a0 podemos hacer mientras no se compre. Existe un adagio que reza: \u2018Al enemigo\u00a0 es mejor tenerlo\u00a0 cerca\u00a0 que lejos\u2019, y si se\u00a0 iba\u00a0 a\u00a0 rotular a\u00a0 Cadena\u00a0 como nuestro \u2018enemigo\u2019 lo mejor hubiera\u00a0 sido tenerlo a la mano, pues en la distancia h\u00e1bilmente se ha victimizado, mientras que los hinchas marchan a la Alcald\u00eda pidiendo que el C\u00facuta\u00a0 Deportivo retorne. Quieren\u00a0\u00a0 verlo en el General\u00a0 Santander\u00a0 con sus muchas\u00a0 derrotas\u00a0 y escasos\u00a0 triunfos. Es pasi\u00f3n y orgullo. Mucho m\u00e1s\u00a0 all\u00e1 de\u00a0 que lo utilicen para la pol\u00edtica, para el negocio, para la\u00a0 trampa. Si hay algo\u00a0 claro es\u00a0 que est\u00e1 anclado en el coraz\u00f3n de los cucute\u00f1os\u00a0 y que\u00a0 estos lo seguir\u00e1n a\u00a0 donde\u00a0 vaya. Por qu\u00e9 desterrado si\u00a0 todo es una raz\u00f3n de\u00a0 vida, un motor que mueve,\u00a0 un sentimiento que nunca\u00a0 se apaga, como una llama\u00a0 que en la\u00a0 distancia,\u00a0\u00a0 antes\u00a0 que extinguirse,\u00a0 crece, se\u00a0 levanta\u00a0\u00a0 y se mantiene.<\/p>\n<p><strong>JUAN RICARDO G\u00c9LVEZ<\/strong><\/p>\n<p><strong><a href=\"mailto:juanricardogelvez@hotmail.com\">juanricardogelvez@hotmail.com<\/a><\/strong><\/p>\n<p><strong>Foto: PRENSA C\u00daCUTA DEPORTIVO<\/strong><\/p>\n<p>&nbsp;<\/p>\n<p>&nbsp;<\/p>\n<p>&nbsp;<\/p>\n<p>&nbsp; <\/p>\n","protected":false},"excerpt":{"rendered":"<p>Cuando nuestras\u00a0 autoridades, cansadas\u00a0 de las\u00a0 promesas\u00a0 incumplidas,\u00a0 seg\u00fan ellos, del se\u00f1or Jos\u00e9 Augusto Cadena y los resultados frente al C\u00facuta\u00a0 Deportivo, decidieron \u2018desterrar\u2019\u00a0 la\u00a0 instituci\u00f3n de la ciudad muchas\u00a0 voces\u00a0 se\u00a0 levantaron\u00a0 aprobando\u00a0 y pocas se mostraron en reserva\u00a0 frente a\u00a0 la decisi\u00f3n tomada. Otra\u00a0 vez\u00a0 el C\u00facuta\u00a0 fuera\u00a0 de\u00a0 la ciudad; otra\u00a0 vez\u00a0 &hellip;<\/p>\n","protected":false},"author":1,"featured_media":28591,"comment_status":"open","ping_status":"open","sticky":false,"template":"","format":"standard","meta":{"footnotes":""},"categories":[28],"tags":[2628,1396,1166,2509],"class_list":["post-28590","post","type-post","status-publish","format-standard","has-post-thumbnail","hentry","category-vistazo-deportivo","tag-cucuta-deportivo-2016","tag-dimayor","tag-estadio-general-santander","tag-jose-augusto-cadena"],"_links":{"self":[{"href":"https:\/\/contraluzcucuta.co\/index.php?rest_route=\/wp\/v2\/posts\/28590","targetHints":{"allow":["GET"]}}],"collection":[{"href":"https:\/\/contraluzcucuta.co\/index.php?rest_route=\/wp\/v2\/posts"}],"about":[{"href":"https:\/\/contraluzcucuta.co\/index.php?rest_route=\/wp\/v2\/types\/post"}],"author":[{"embeddable":true,"href":"https:\/\/contraluzcucuta.co\/index.php?rest_route=\/wp\/v2\/users\/1"}],"replies":[{"embeddable":true,"href":"https:\/\/contraluzcucuta.co\/index.php?rest_route=%2Fwp%2Fv2%2Fcomments&post=28590"}],"version-history":[{"count":1,"href":"https:\/\/contraluzcucuta.co\/index.php?rest_route=\/wp\/v2\/posts\/28590\/revisions"}],"predecessor-version":[{"id":28592,"href":"https:\/\/contraluzcucuta.co\/index.php?rest_route=\/wp\/v2\/posts\/28590\/revisions\/28592"}],"wp:featuredmedia":[{"embeddable":true,"href":"https:\/\/contraluzcucuta.co\/index.php?rest_route=\/wp\/v2\/media\/28591"}],"wp:attachment":[{"href":"https:\/\/contraluzcucuta.co\/index.php?rest_route=%2Fwp%2Fv2%2Fmedia&parent=28590"}],"wp:term":[{"taxonomy":"category","embeddable":true,"href":"https:\/\/contraluzcucuta.co\/index.php?rest_route=%2Fwp%2Fv2%2Fcategories&post=28590"},{"taxonomy":"post_tag","embeddable":true,"href":"https:\/\/contraluzcucuta.co\/index.php?rest_route=%2Fwp%2Fv2%2Ftags&post=28590"}],"curies":[{"name":"wp","href":"https:\/\/api.w.org\/{rel}","templated":true}]}}