{"id":28587,"date":"2016-11-08T20:09:17","date_gmt":"2016-11-09T01:09:17","guid":{"rendered":"http:\/\/contraluzcucuta.co\/?p=28587"},"modified":"2016-11-08T20:09:17","modified_gmt":"2016-11-09T01:09:17","slug":"exposicion-fotografica-mirada-social-los-objetivos-del-desarrollo-sostenible","status":"publish","type":"post","link":"https:\/\/contraluzcucuta.co\/?p=28587","title":{"rendered":"EXPOSICI\u00d3N FOTOGR\u00c1FICA. Mirada social a los objetivos del desarrollo sostenible"},"content":{"rendered":"<p><strong>C\u00daCUTA.-<\/strong> Estudiantes del programa de Comunicaci\u00f3n Social, extensi\u00f3n Villa del Rosario, y la Secretar\u00eda de Fronteras y Cooperaci\u00f3n Internacional organizaron la exposici\u00f3n fotogr\u00e1fica \u2018Ojo a los ODS: Una mirada social a los objetivos de desarrollo sostenible\u2019. La muestra se cumpli\u00f3 en la Gobernaci\u00f3n de Norte de Santander.<\/p>\n<p>Los 49 estudiantes que hacen parte del proyecto buscan integrar la comunidad educativa con la poblaci\u00f3n cucute\u00f1a. Las\u00a0 fotograf\u00edas se expusieron en los pasillos de la sede del gobierno departamental y cada alumno explic\u00f3 el objetivo y el porqu\u00e9 del trabajo.<\/p>\n<p>Los Objetivos de Desarrollo Sostenible (ODS), conocidos como Objetivos Mundiales, son un llamado universal a la adopci\u00f3n de medidas para:<\/p>\n<p>1.- Poner fin a la pobreza<\/p>\n<p>2.- Proteger el planeta<\/p>\n<p>3.- Garantizar que todos gocen de paz y prosperidad.<\/p>\n<p>Las 17 fotograf\u00edas abordaron el fin de la pobreza, hambre cero, salud y bienestar, educaci\u00f3n de calidad, igualdad de g\u00e9nero, agua limpia y saneamiento, energ\u00eda asequible y no contaminante, trabajo decente y crecimiento econ\u00f3mico, industria, innovaci\u00f3n e infraestructura, reducci\u00f3n de las desigualdades, ciudades y comunidades sostenibles, producci\u00f3n y consumismo responsable, acci\u00f3n por el clima, vida submarina, vida de ecosistemas terrestres, paz, justicia e instituciones s\u00f3lidas y alianzas para lograr los objetivos.<\/p>\n<p>La exposici\u00f3n ten\u00eda como\u00a0 prop\u00f3sito presentarle a la comunidad la reflexi\u00f3n de los estudiantes sobre c\u00f3mo entendieron los objetivos de desarrollo sostenible. Una vez revisado el objetivo, m\u00e1s el plan de desarrollo para encontrar\u00a0 la articulaci\u00f3n de los dos aspectos, les dieron una visi\u00f3n\u00a0 positiva y esperanzadora.<\/p>\n<p>\u201cLas im\u00e1genes no muestran, quiz\u00e1s, dolor, sino la proyecci\u00f3n de lo que puede ser a futuro 2030 la reflexi\u00f3n de estos objetivos\u201d, indic\u00f3 Martha lucia Herrera, docente del Programa de Comunicaci\u00f3n Social.<\/p>\n<p>A la muestra asistieron los secretarios Juan Carlos Cort\u00e9s (Fronteras y Cooperaci\u00f3n Internacional) y Yebrail Haddad (Gobierno), Catherine Mojica, directora del programa de Comunicaci\u00f3n Social, campus Villa Rosario, y estudiantes.<\/p>\n<p><strong>Foto: PRENSA UNIPAMPLONA<\/strong><\/p>\n<p>&nbsp;<\/p>\n<p>&nbsp; <\/p>\n","protected":false},"excerpt":{"rendered":"<p>C\u00daCUTA.- Estudiantes del programa de Comunicaci\u00f3n Social, extensi\u00f3n Villa del Rosario, y la Secretar\u00eda de Fronteras y Cooperaci\u00f3n Internacional organizaron la exposici\u00f3n fotogr\u00e1fica \u2018Ojo a los ODS: Una mirada social a los objetivos de desarrollo sostenible\u2019. La muestra se cumpli\u00f3 en la Gobernaci\u00f3n de Norte de Santander. Los 49 estudiantes que hacen parte del proyecto &hellip;<\/p>\n","protected":false},"author":1,"featured_media":28588,"comment_status":"open","ping_status":"open","sticky":false,"template":"","format":"standard","meta":{"footnotes":""},"categories":[74],"tags":[2597,3326,161],"class_list":["post-28587","post","type-post","status-publish","format-standard","has-post-thumbnail","hentry","category-aula-universitaria","tag-aula-universitaria","tag-muestra-fotografica","tag-universidad-de-pamplona"],"_links":{"self":[{"href":"https:\/\/contraluzcucuta.co\/index.php?rest_route=\/wp\/v2\/posts\/28587","targetHints":{"allow":["GET"]}}],"collection":[{"href":"https:\/\/contraluzcucuta.co\/index.php?rest_route=\/wp\/v2\/posts"}],"about":[{"href":"https:\/\/contraluzcucuta.co\/index.php?rest_route=\/wp\/v2\/types\/post"}],"author":[{"embeddable":true,"href":"https:\/\/contraluzcucuta.co\/index.php?rest_route=\/wp\/v2\/users\/1"}],"replies":[{"embeddable":true,"href":"https:\/\/contraluzcucuta.co\/index.php?rest_route=%2Fwp%2Fv2%2Fcomments&post=28587"}],"version-history":[{"count":1,"href":"https:\/\/contraluzcucuta.co\/index.php?rest_route=\/wp\/v2\/posts\/28587\/revisions"}],"predecessor-version":[{"id":28589,"href":"https:\/\/contraluzcucuta.co\/index.php?rest_route=\/wp\/v2\/posts\/28587\/revisions\/28589"}],"wp:featuredmedia":[{"embeddable":true,"href":"https:\/\/contraluzcucuta.co\/index.php?rest_route=\/wp\/v2\/media\/28588"}],"wp:attachment":[{"href":"https:\/\/contraluzcucuta.co\/index.php?rest_route=%2Fwp%2Fv2%2Fmedia&parent=28587"}],"wp:term":[{"taxonomy":"category","embeddable":true,"href":"https:\/\/contraluzcucuta.co\/index.php?rest_route=%2Fwp%2Fv2%2Fcategories&post=28587"},{"taxonomy":"post_tag","embeddable":true,"href":"https:\/\/contraluzcucuta.co\/index.php?rest_route=%2Fwp%2Fv2%2Ftags&post=28587"}],"curies":[{"name":"wp","href":"https:\/\/api.w.org\/{rel}","templated":true}]}}