{"id":28584,"date":"2016-11-08T19:41:50","date_gmt":"2016-11-09T00:41:50","guid":{"rendered":"http:\/\/contraluzcucuta.co\/?p=28584"},"modified":"2016-11-08T19:41:50","modified_gmt":"2016-11-09T00:41:50","slug":"secretaria-de-educacion-entregan-balance-del-pae-en-audiencia-publica","status":"publish","type":"post","link":"https:\/\/contraluzcucuta.co\/?p=28584","title":{"rendered":"SECRETAR\u00cdA DE EDUCACI\u00d3N. Entregan balance del PAE, en audiencia p\u00fablica"},"content":{"rendered":"<p><strong>C\u00daCUTA.-<\/strong> La Secretaria de Educaci\u00f3n Municipal, Indira P\u00e9rez, entreg\u00f3 el balance general de la ejecuci\u00f3n del Programa de Alimentaci\u00f3n Escolar (PAE), en el 2016. La audiencia se cumpli\u00f3 en el Colegio Municipal de Bachillerato, durante la segunda mesa p\u00fablica, con el acompa\u00f1amiento y los lineamientos del Ministerio de Educaci\u00f3n.<\/p>\n<p>En la actividad, en la que tambi\u00e9n particip\u00f3 la secretar\u00eda de Bienestar Social, veedores ciudadanos, estudiantes y rectores de instituciones educativas resaltaron la mejor\u00eda en la ejecuci\u00f3n y puntualidad en la entrega de los insumos. El programa atiende a 58.021 ni\u00f1os y adolescentes de los colegios que se benefician con el complemento nutricional.<\/p>\n<p>La administraci\u00f3n municipal a\u00fana esfuerzos para que en el 2017, aumente el n\u00famero de beneficiados. La audiencia p\u00fablica se desarroll\u00f3 en cumplimiento a la Resoluci\u00f3n 16432, del Ministerio de Educaci\u00f3n, en relaci\u00f3n con las acciones pertinentes en la b\u00fasqueda de beneficiar a ni\u00f1os y adolescentes del PAE.<\/p>\n<p>El prop\u00f3sito de la mesa p\u00fablica era entregar el balance general del Programa. A la mesa p\u00fablica asistieron directivos docentes, estudiantes, personeros, veedores y la Uni\u00f3n Temporal Dadle Vosotros de Comer, responsable de la entrega de complementos.<\/p>\n<p><strong>Foto: PRENSA ALCALD\u00cdA<\/strong><\/p>\n<p>&nbsp; <\/p>\n","protected":false},"excerpt":{"rendered":"<p>C\u00daCUTA.- La Secretaria de Educaci\u00f3n Municipal, Indira P\u00e9rez, entreg\u00f3 el balance general de la ejecuci\u00f3n del Programa de Alimentaci\u00f3n Escolar (PAE), en el 2016. La audiencia se cumpli\u00f3 en el Colegio Municipal de Bachillerato, durante la segunda mesa p\u00fablica, con el acompa\u00f1amiento y los lineamientos del Ministerio de Educaci\u00f3n. En la actividad, en la que &hellip;<\/p>\n","protected":false},"author":1,"featured_media":28585,"comment_status":"open","ping_status":"open","sticky":false,"template":"","format":"standard","meta":{"footnotes":""},"categories":[2625],"tags":[226,3237,2861],"class_list":["post-28584","post","type-post","status-publish","format-standard","has-post-thumbnail","hentry","category-alcaldia-de-cucuta","tag-alcaldia-de-cucuta","tag-indira-perez","tag-secretaria-de-educacion"],"_links":{"self":[{"href":"https:\/\/contraluzcucuta.co\/index.php?rest_route=\/wp\/v2\/posts\/28584","targetHints":{"allow":["GET"]}}],"collection":[{"href":"https:\/\/contraluzcucuta.co\/index.php?rest_route=\/wp\/v2\/posts"}],"about":[{"href":"https:\/\/contraluzcucuta.co\/index.php?rest_route=\/wp\/v2\/types\/post"}],"author":[{"embeddable":true,"href":"https:\/\/contraluzcucuta.co\/index.php?rest_route=\/wp\/v2\/users\/1"}],"replies":[{"embeddable":true,"href":"https:\/\/contraluzcucuta.co\/index.php?rest_route=%2Fwp%2Fv2%2Fcomments&post=28584"}],"version-history":[{"count":1,"href":"https:\/\/contraluzcucuta.co\/index.php?rest_route=\/wp\/v2\/posts\/28584\/revisions"}],"predecessor-version":[{"id":28586,"href":"https:\/\/contraluzcucuta.co\/index.php?rest_route=\/wp\/v2\/posts\/28584\/revisions\/28586"}],"wp:featuredmedia":[{"embeddable":true,"href":"https:\/\/contraluzcucuta.co\/index.php?rest_route=\/wp\/v2\/media\/28585"}],"wp:attachment":[{"href":"https:\/\/contraluzcucuta.co\/index.php?rest_route=%2Fwp%2Fv2%2Fmedia&parent=28584"}],"wp:term":[{"taxonomy":"category","embeddable":true,"href":"https:\/\/contraluzcucuta.co\/index.php?rest_route=%2Fwp%2Fv2%2Fcategories&post=28584"},{"taxonomy":"post_tag","embeddable":true,"href":"https:\/\/contraluzcucuta.co\/index.php?rest_route=%2Fwp%2Fv2%2Ftags&post=28584"}],"curies":[{"name":"wp","href":"https:\/\/api.w.org\/{rel}","templated":true}]}}