{"id":28577,"date":"2016-11-07T19:12:19","date_gmt":"2016-11-08T00:12:19","guid":{"rendered":"http:\/\/contraluzcucuta.co\/?p=28577"},"modified":"2016-11-07T19:12:19","modified_gmt":"2016-11-08T00:12:19","slug":"carta-falcao-el-regreso-del-rugido","status":"publish","type":"post","link":"https:\/\/contraluzcucuta.co\/?p=28577","title":{"rendered":"CARTA A FALCAO. El regreso del rugido"},"content":{"rendered":"<p>Hola, Falcao. Te escribo en voz de millones de colombianos que, al igual que yo, se\u00a0 sienten orgullosos de reconocerte los sacrificios que has afrontado a lo largo de tu carrera profesional. Especialmente, por el prop\u00f3sito de regresar a la selecci\u00f3n Colombia en el mejor nivel y aportar como en las eliminatorias a Brasil 2014.<\/p>\n<p>En el partido por Champions League, frente al CSKA de Mosc\u00fa, le demostraste al mundo del f\u00fatbol que tus goles est\u00e1n de vuelta. La picard\u00eda para atacar, astucia y sutileza para definir dejaron escuchar tus dos rugidos en el principado de M\u00f3naco. Desde el 2013, no convert\u00edas por duplicado en 90 minutos.<\/p>\n<p>En Colombia hemos extra\u00f1ado el terror que dabas en el frente de ataque de la selecci\u00f3n y que los defensas contrarios dejaban notar dentro y fuera de las dieciocho. Tambi\u00e9n, muchos colombianos han llorado por las\u00a0 lesiones y por los comentarios de algunos personajes que creen saberlo todo y aseguraron que no jugar\u00edas m\u00e1s.<\/p>\n<p>Olvidaron que en el f\u00fatbol aficionado conseguiste 486 goles, debutante en el balompi\u00e9 profesional a los 13 a\u00f1os, en Lanceros Boyac\u00e1 (segunda divisi\u00f3n colombiana); \u00eddolo de River Plate con m\u00e1s de 45 goles; primer jugador en la historia en quedar m\u00e1ximo goleador dos veces consecutivas de la Liga Europea (2011 y 2012). Como si fuera poco, el \u00fanico colombiano en hacer parte del once ideal de la Fifa en el 2012 y goleador hist\u00f3rico de la selecci\u00f3n colombiana. Pero no son los r\u00e9cords o los goles lo que te han hecho grande. La humildad y el trabajo constante han sido el \u00e9xito en realidad.<\/p>\n<p>La esencia de ni\u00f1o te llev\u00f3 a conocer a Maicol Stiven Restrepo, \u00e9l quer\u00eda conocer al mejor nueve del mundo del 2012. Sin importar las c\u00e1maras, ante las palabras de apoyo de este joven futbolista por la lesi\u00f3n de ligamento cruzado, lloraste como nunca, dejaste en evidencia que eres un tigre con sentimientos y apegado a Dios.<\/p>\n<p>La insistencia de mi madre, una de tus seguidoras desde River Plate, me motiv\u00f3 a escribir. Ella se cans\u00f3 de discutir con los conductores de buseta por las cr\u00edticas por tu estado f\u00edsico. Ayer, grit\u00f3 los dos goles como nunca, con una bronca tan en\u00e9rgica que hizo sentir que te alentaba desde el palco de los pr\u00edncipes,\u00a0 en el Estadio Luis II.<\/p>\n<p>El sufrimiento de mi mam\u00e1 lleva tatuado tu nombre, pero tambi\u00e9n tus m\u00e1s apreciadas alegr\u00edas. Este mismo sentimiento acompa\u00f1a a Gonzalo Ludue\u00f1a, quien en las divisiones menores de River Plate te apod\u00f3 como \u201cEl tigre del partido\u201d, despu\u00e9s de marcar por duplicado.<\/p>\n<p>Al igual que Paulo Roberto Falcao, o como se le conoci\u00f3 en la selecci\u00f3n Brasil 1982, \u201cEl rey de Roma\u201d, Radamel es un poeta con el gol. Una tarde barranquillera, el calor no daba abasto y de pronto apareci\u00f3 la magia, Diego Lugano intent\u00f3 quitar el bal\u00f3n y con un enganche tuyo qued\u00f3 tendido en la gramilla, Ar\u00e9valo R\u00edos con su fuerza al marcaje que lo caracteriza decidi\u00f3 chocarlo y con sutileza po\u00e9tica le tiraste un ca\u00f1o.<\/p>\n<p>Jos\u00e9 N\u00e9stor P\u00e9kerman, seguramente, es quien m\u00e1s est\u00e1 ilusionado con tu regreso. Lo respaldan 25 tantos y la voz de un pueblo que aclama poder ver la nueve en tu espalda. A\u00f1oran sentir la agitaci\u00f3n de tus brazos, la fuerza en la boca y el salto final aclamando a la tribuna que el due\u00f1o del trono lleg\u00f3 para quedarse.<\/p>\n<p>Esperamos que el l\u00edder cafetero se ponga la cintilla de capit\u00e1n. Pensar en Chile y recordar el \u00faltimo partido en el Metropolitano contra la \u2018roja\u2019 motiva. En silencio est\u00e1n los incr\u00e9dulos, porque un tigre anda suelto, y pr\u00f3ximamente llegar\u00e1\u00a0 a estas tierras a\u00a0 recuperar su terreno, para rugir. Nosotros gritaremos frente a la pantalla del televisor, \u201cLolo looo lolo looo Lolo looo Falcaooooooo\u201d.<\/p>\n<p><strong>ISMAEL CAICEDO<\/strong><\/p>\n<p><strong>Estudiante de Comunicaci\u00f3n Social<\/strong><\/p>\n<p><strong>Universidad de Pamplona<\/strong><\/p>\n<p><strong>Campus de Villa del Rosario<\/strong><\/p>\n<p>Foto:\u00a0<a class=\"_ZR irc_hol i3724\" tabindex=\"0\" href=\"https:\/\/www.google.com.co\/url?sa=i&amp;rct=j&amp;q=&amp;esrc=s&amp;source=images&amp;cd=&amp;cad=rja&amp;uact=8&amp;ved=0ahUKEwj-iZ2W75fQAhUF6yYKHfU6C2gQjB0IBg&amp;url=http%3A%2F%2Fwww.laprensa.hn%2Fdeportes%2F841647-410%2Fel-nuevo-look-de-radamel-falcao&amp;bvm=bv.137904068,d.cGc&amp;psig=AFQjCNFeQw9L2oO90lhGgr-zTAkW_XI33g&amp;ust=1478650141359589\" target=\"_blank\" rel=\"noopener\" data-noload=\"\" data-ved=\"0ahUKEwj-iZ2W75fQAhUF6yYKHfU6C2gQjB0IBg\" data-href=\"http:\/\/www.laprensa.hn\/deportes\/841647-410\/el-nuevo-look-de-radamel-falcao\"><span class=\"irc_ho\" dir=\"ltr\">Diario La Prensa<\/span><\/a><\/p>\n<p>&nbsp; <\/p>\n","protected":false},"excerpt":{"rendered":"<p>Hola, Falcao. Te escribo en voz de millones de colombianos que, al igual que yo, se\u00a0 sienten orgullosos de reconocerte los sacrificios que has afrontado a lo largo de tu carrera profesional. Especialmente, por el prop\u00f3sito de regresar a la selecci\u00f3n Colombia en el mejor nivel y aportar como en las eliminatorias a Brasil 2014. &hellip;<\/p>\n","protected":false},"author":1,"featured_media":28578,"comment_status":"open","ping_status":"open","sticky":false,"template":"","format":"standard","meta":{"footnotes":""},"categories":[4,28],"tags":[431,890],"class_list":["post-28577","post","type-post","status-publish","format-standard","has-post-thumbnail","hentry","category-barra","category-vistazo-deportivo","tag-radamel-falcao-garcia","tag-seleccion-colombia"],"_links":{"self":[{"href":"https:\/\/contraluzcucuta.co\/index.php?rest_route=\/wp\/v2\/posts\/28577","targetHints":{"allow":["GET"]}}],"collection":[{"href":"https:\/\/contraluzcucuta.co\/index.php?rest_route=\/wp\/v2\/posts"}],"about":[{"href":"https:\/\/contraluzcucuta.co\/index.php?rest_route=\/wp\/v2\/types\/post"}],"author":[{"embeddable":true,"href":"https:\/\/contraluzcucuta.co\/index.php?rest_route=\/wp\/v2\/users\/1"}],"replies":[{"embeddable":true,"href":"https:\/\/contraluzcucuta.co\/index.php?rest_route=%2Fwp%2Fv2%2Fcomments&post=28577"}],"version-history":[{"count":1,"href":"https:\/\/contraluzcucuta.co\/index.php?rest_route=\/wp\/v2\/posts\/28577\/revisions"}],"predecessor-version":[{"id":28579,"href":"https:\/\/contraluzcucuta.co\/index.php?rest_route=\/wp\/v2\/posts\/28577\/revisions\/28579"}],"wp:featuredmedia":[{"embeddable":true,"href":"https:\/\/contraluzcucuta.co\/index.php?rest_route=\/wp\/v2\/media\/28578"}],"wp:attachment":[{"href":"https:\/\/contraluzcucuta.co\/index.php?rest_route=%2Fwp%2Fv2%2Fmedia&parent=28577"}],"wp:term":[{"taxonomy":"category","embeddable":true,"href":"https:\/\/contraluzcucuta.co\/index.php?rest_route=%2Fwp%2Fv2%2Fcategories&post=28577"},{"taxonomy":"post_tag","embeddable":true,"href":"https:\/\/contraluzcucuta.co\/index.php?rest_route=%2Fwp%2Fv2%2Ftags&post=28577"}],"curies":[{"name":"wp","href":"https:\/\/api.w.org\/{rel}","templated":true}]}}