{"id":28559,"date":"2016-11-02T22:20:35","date_gmt":"2016-11-03T03:20:35","guid":{"rendered":"http:\/\/contraluzcucuta.co\/?p=28559"},"modified":"2016-11-02T22:20:35","modified_gmt":"2016-11-03T03:20:35","slug":"puente-sobre-el-rio-descongestion-para-vias-urbanas","status":"publish","type":"post","link":"https:\/\/contraluzcucuta.co\/?p=28559","title":{"rendered":"PUENTE SOBRE EL R\u00cdO. Descongesti\u00f3n para v\u00edas urbanas"},"content":{"rendered":"<p><strong>LOS PATIOS \u2013 Norte de Santander.-<\/strong> El tr\u00e1nsito por el puente sobre el r\u00edo Pamplonita acortar\u00e1 en 25 minutos el trayecto de pasajeros y transportadores entre C\u00facuta y Los Patios. La estructura fue entregada por el vicepresidente Germ\u00e1n Vargas.<\/p>\n<p>El paso elevado, de 284 metros de longitud, permitir\u00e1 las siguientes ganancias para la comunidad:<\/p>\n<p>1.- Conecta el anillo vial occidental con el oriental<\/p>\n<p>2.- Mejora el tr\u00e1nsito en el \u00c1rea Metropolitana de C\u00facuta<\/p>\n<p>3.- Evita que el transporte pesado use la malla vial urbana de la capital nortesantandereana y de Los Patios.<\/p>\n<p>La obra inici\u00f3 en marzo del 2015, y fue ejecutada en menos tiempo de lo previsto. Tiene un costo de $ 20.000 millones y servir\u00e1 para descongestionar la circulaci\u00f3n vehicular de la zona metropolitana.<\/p>\n<p>Vargas Lleras anunci\u00f3 que en noviembre saldr\u00e1n los pliegos definitivos para la licitaci\u00f3n de la doble calzada Pamplona-C\u00facuta, que contar\u00e1 con una inversi\u00f3n de 1.6 billones de pesos.<\/p>\n<p>\u201cEstamos contentos con estas inversiones que se hacen en Norte de Santander\u201d, dijo el vicepresidente Vargas. La apertura del puente generar\u00e1 empleo a los nortesantandereanos, afectados por diversos asuntos.<\/p>\n<p>El gobernador Villamizar dijo que las obras de infraestructura son fundamentales para la generaci\u00f3n de competitividad y productividad en el departamento.<\/p>\n<p>\u201cGracias vicepresidente, por esa agilidad en la entrega de obras para el desarrollo de Norte de Santander, y hoy como ejemplo, observamos esta obra necesaria para la regi\u00f3n\u201d, puntualiz\u00f3 Villamizar Laguado.<\/p>\n<p><strong>Foto: OMAR EL\u00cdAS LAGUADO<\/strong><\/p>\n<p>&nbsp; <\/p>\n","protected":false},"excerpt":{"rendered":"<p>LOS PATIOS \u2013 Norte de Santander.- El tr\u00e1nsito por el puente sobre el r\u00edo Pamplonita acortar\u00e1 en 25 minutos el trayecto de pasajeros y transportadores entre C\u00facuta y Los Patios. La estructura fue entregada por el vicepresidente Germ\u00e1n Vargas. El paso elevado, de 284 metros de longitud, permitir\u00e1 las siguientes ganancias para la comunidad: 1.- &hellip;<\/p>\n","protected":false},"author":1,"featured_media":28560,"comment_status":"open","ping_status":"open","sticky":false,"template":"","format":"standard","meta":{"footnotes":""},"categories":[45,4],"tags":[3322,2011],"class_list":["post-28559","post","type-post","status-publish","format-standard","has-post-thumbnail","hentry","category-destacado","category-barra","tag-puente-sobre-el-pamplonita","tag-vicepresidente-german-vargas"],"_links":{"self":[{"href":"https:\/\/contraluzcucuta.co\/index.php?rest_route=\/wp\/v2\/posts\/28559","targetHints":{"allow":["GET"]}}],"collection":[{"href":"https:\/\/contraluzcucuta.co\/index.php?rest_route=\/wp\/v2\/posts"}],"about":[{"href":"https:\/\/contraluzcucuta.co\/index.php?rest_route=\/wp\/v2\/types\/post"}],"author":[{"embeddable":true,"href":"https:\/\/contraluzcucuta.co\/index.php?rest_route=\/wp\/v2\/users\/1"}],"replies":[{"embeddable":true,"href":"https:\/\/contraluzcucuta.co\/index.php?rest_route=%2Fwp%2Fv2%2Fcomments&post=28559"}],"version-history":[{"count":1,"href":"https:\/\/contraluzcucuta.co\/index.php?rest_route=\/wp\/v2\/posts\/28559\/revisions"}],"predecessor-version":[{"id":28561,"href":"https:\/\/contraluzcucuta.co\/index.php?rest_route=\/wp\/v2\/posts\/28559\/revisions\/28561"}],"wp:featuredmedia":[{"embeddable":true,"href":"https:\/\/contraluzcucuta.co\/index.php?rest_route=\/wp\/v2\/media\/28560"}],"wp:attachment":[{"href":"https:\/\/contraluzcucuta.co\/index.php?rest_route=%2Fwp%2Fv2%2Fmedia&parent=28559"}],"wp:term":[{"taxonomy":"category","embeddable":true,"href":"https:\/\/contraluzcucuta.co\/index.php?rest_route=%2Fwp%2Fv2%2Fcategories&post=28559"},{"taxonomy":"post_tag","embeddable":true,"href":"https:\/\/contraluzcucuta.co\/index.php?rest_route=%2Fwp%2Fv2%2Ftags&post=28559"}],"curies":[{"name":"wp","href":"https:\/\/api.w.org\/{rel}","templated":true}]}}