{"id":28550,"date":"2016-11-02T11:24:06","date_gmt":"2016-11-02T16:24:06","guid":{"rendered":"http:\/\/contraluzcucuta.co\/?p=28550"},"modified":"2016-11-02T11:24:06","modified_gmt":"2016-11-02T16:24:06","slug":"carta-al-cucuta-deportivo-no-renunciaremos-un-amor-nuestro-amor","status":"publish","type":"post","link":"https:\/\/contraluzcucuta.co\/?p=28550","title":{"rendered":"CARTA AL C\u00daCUTA DEPORTIVO. \u201cNo renunciaremos a un amor, nuestro amor\u201d"},"content":{"rendered":"<p>Muchos desconocen el amor y la pasi\u00f3n con la que se puede llegar a valorar una causa, una idea, un ser vivo o, inclusive, una instituci\u00f3n. Los prejuicios han creado encada habitante una barrera que impide comprender lo que para por lo que el otro tiene sentido (eso se sabe) y, pese a ello, se sigue resistiendo y luchando por ganar un espacio en esta famosa selva de cemento. Las cien mil y una historias que deja el seguir al equipo de tu ciudad por todo el pa\u00eds no se podr\u00edan rese\u00f1ar en libros por m\u00e1s descriptivos que sean sus episodios. Faltar\u00edan acentos, entonaciones, manoteos y, sobre todo, esa esencia que tiene cada persona al narrar sus vivencias.<\/p>\n<p>Nosotros escogimos el barrismo como condici\u00f3n de vida no solo por las alegr\u00edas que deja una victoria, tambi\u00e9n hemos heredado la pasi\u00f3n de nuestros padres, abuelos y de toda una ciudad que alienta por el equipo de su regi\u00f3n. En ese sentido, esperamos quede clara nuestra firme postura de no renunciar a los que nosotros consideramos un amor, nuestro amor.<\/p>\n<p>Entendemos los fines lucrativos que representa la permanencia del equipo en la B, y rechazamos la despiadada avaricia que juega con el sentimiento de todos los hinchas. La l\u00f3gica de ganar y perder est\u00e1 mandada a recoger, pero para Jos\u00e9 Augusto Cadena Mora sigue vigente. Los jugadores, quiz\u00e1s, no entiendan la importancia que representa en los habitantes la empres para la que trabajan. Han decidido portarse como unos incompetentes, dignos de despedir. Es triste para nosotros, los que llevamos presente amor no solo en la piel, tambi\u00e9n en lo latiente de nuestra existencia, que ignoren la alegr\u00eda que sentimos tan solo en pensar en dos colores, y el entusiasmo que produce hacerlo.<\/p>\n<p>Hoy, la incertidumbre reina en la ciudad. Por un lado, Cadena pide permiso a la Dimayor para trasladar el equipo y esta acepta su petici\u00f3n. Por el otro, el gobernador William Villamizar revela que, en concordancia con el alcalde C\u00e9sar Rojas, decidieron no prestar m\u00e1s el estadio al equipo. Ah\u00ed es cuando los dem\u00e1s, que tambi\u00e9n tenemos voz y voto, nos preguntamos \u00bfy ahora qu\u00e9? \u00bfQu\u00e9 pasar\u00e1? \u00bfAs\u00ed resuelve los problemas esa gente? \u00bfA los tochazos? E dialogo es la mejor herramienta para solucionar conflictos. Ustedes lo saben. Ustedes impulsaron la paz nacional, y aunque quiz\u00e1s eso sea otro tema diferente, comparte una relaci\u00f3n a peque\u00f1a escala con lo que sucede actualmente en la ciudad.<\/p>\n<p>Invitamos al gobernador de Norte de Santander, William Villamizar; al alcalde de C\u00facuta, C\u00e9sar Rojas; al presidente del Concejo, V\u00edctor Su\u00e1rez; a Jos\u00e9 Antonio Vargas Yuncosa, de la secretar\u00eda de Desarrollo Social, y a dos representantes de cada barra que tenga el C\u00facuta Deportivo para entablar una mesa de conciliaci\u00f3n que permita hallar una soluci\u00f3n \u00edntegra y constructiva a la crisis que enfrenta la instituci\u00f3n. Tambi\u00e9n, invitamos al Departamento Administrativo de Bienestar Social y a la Defensor\u00eda del Pueblo para que garantice la mediaci\u00f3n entre todas las partes. Nosotros como barra tenemos una propuesta m\u00e1s alternativa para evitar el traslado del equipo. Esperamos expon\u00e9rsela.<\/p>\n<p><strong>LA BANDA DEL INDIO<\/strong><\/p>\n<p><strong>Noble, Leal y Valerosa<\/strong><\/p>\n<p><strong>Foto: Tomada de Internet<\/strong><\/p>\n<p>&nbsp;<\/p>\n<p>&nbsp; <\/p>\n","protected":false},"excerpt":{"rendered":"<p>Muchos desconocen el amor y la pasi\u00f3n con la que se puede llegar a valorar una causa, una idea, un ser vivo o, inclusive, una instituci\u00f3n. Los prejuicios han creado encada habitante una barrera que impide comprender lo que para por lo que el otro tiene sentido (eso se sabe) y, pese a ello, se &hellip;<\/p>\n","protected":false},"author":1,"featured_media":28551,"comment_status":"open","ping_status":"open","sticky":false,"template":"","format":"standard","meta":{"footnotes":""},"categories":[4,28],"tags":[226,2628,1396,379,2509],"class_list":["post-28550","post","type-post","status-publish","format-standard","has-post-thumbnail","hentry","category-barra","category-vistazo-deportivo","tag-alcaldia-de-cucuta","tag-cucuta-deportivo-2016","tag-dimayor","tag-gobernacion-de-norte-de-santander","tag-jose-augusto-cadena"],"_links":{"self":[{"href":"https:\/\/contraluzcucuta.co\/index.php?rest_route=\/wp\/v2\/posts\/28550","targetHints":{"allow":["GET"]}}],"collection":[{"href":"https:\/\/contraluzcucuta.co\/index.php?rest_route=\/wp\/v2\/posts"}],"about":[{"href":"https:\/\/contraluzcucuta.co\/index.php?rest_route=\/wp\/v2\/types\/post"}],"author":[{"embeddable":true,"href":"https:\/\/contraluzcucuta.co\/index.php?rest_route=\/wp\/v2\/users\/1"}],"replies":[{"embeddable":true,"href":"https:\/\/contraluzcucuta.co\/index.php?rest_route=%2Fwp%2Fv2%2Fcomments&post=28550"}],"version-history":[{"count":1,"href":"https:\/\/contraluzcucuta.co\/index.php?rest_route=\/wp\/v2\/posts\/28550\/revisions"}],"predecessor-version":[{"id":28552,"href":"https:\/\/contraluzcucuta.co\/index.php?rest_route=\/wp\/v2\/posts\/28550\/revisions\/28552"}],"wp:featuredmedia":[{"embeddable":true,"href":"https:\/\/contraluzcucuta.co\/index.php?rest_route=\/wp\/v2\/media\/28551"}],"wp:attachment":[{"href":"https:\/\/contraluzcucuta.co\/index.php?rest_route=%2Fwp%2Fv2%2Fmedia&parent=28550"}],"wp:term":[{"taxonomy":"category","embeddable":true,"href":"https:\/\/contraluzcucuta.co\/index.php?rest_route=%2Fwp%2Fv2%2Fcategories&post=28550"},{"taxonomy":"post_tag","embeddable":true,"href":"https:\/\/contraluzcucuta.co\/index.php?rest_route=%2Fwp%2Fv2%2Ftags&post=28550"}],"curies":[{"name":"wp","href":"https:\/\/api.w.org\/{rel}","templated":true}]}}